{"id":20112,"date":"2022-04-28T13:34:01","date_gmt":"2022-04-28T10:34:01","guid":{"rendered":"https:\/\/www.afidep.org\/afidep-at-the-african-dialogues-on-faith-and-demography\/"},"modified":"2022-04-28T13:34:01","modified_gmt":"2022-04-28T10:34:01","slug":"afidep-at-the-african-dialogues-on-faith-and-demography","status":"publish","type":"post","link":"https:\/\/afidep.org\/fr\/afidep-at-the-african-dialogues-on-faith-and-demography\/","title":{"rendered":"AFIDEP at the African Dialogues on Faith and Demography"},"content":{"rendered":"<p>African Institute for Development Policy (AFIDEP) will on 28th April 2022 attend the African Dialogues on Faith and Demography themed\u00a0<strong>\u201c<em>The Role of Faith and Harnessing the Demographic Dividend.\u201d<\/em><\/strong><\/p>\n<p>The dialogue event brings together representatives from religious organisations, multi-religious networks, and initiatives as well as the civil society from countries across the African continent for an interactive exchange on the role of faith in harnessing the demographic dividend.<\/p>\n<p>Dr. Eliya Zulu, Executive Director, AFIDEP is set to be the keynote speaker for Dialogue No. 1 and will provide an expert overview on the concept of the demographic dividend, its pre-requisites and its relevance for African countries. At the core of the discussion is the role of faith actors and how they could facilitate socio-demographic change.<\/p>\n<p>The dialogue seeks to:<\/p>\n<ol>\n<li>Explore the role and emphasize the importance of multi-religious engagement for sociodemographic development.<\/li>\n<li>Provide a shared understanding of the concept of demographic dividend and its implications for countries, setting the tone for the following dialogues.<\/li>\n<\/ol>\n<ul>\n<li>Foster networking and cooperation with and between governments, interreligious bodies, religious leaders and civil society actors.<\/li>\n<\/ul>\n<p>The dialogue series is co-organised by Religions for Peace, United Nations Population Fund (UNFPA), the Federal Foreign Office of Germany and the Berlin Institute for Population and Development.<\/p>\n","protected":false},"excerpt":{"rendered":"<p>African Institute for Development Policy (AFIDEP) will on 28th April 2022 attend the African Dialogues on Faith and Demography themed\u00a0\u201cThe Role of Faith and Harnessing the Demographic Dividend.\u201d The dialogue event brings together representatives from religious organisations, multi-religious networks, and initiatives as well as the civil society from countries across the African continent for an interactive exchange on the role of faith in harnessing the demographic dividend. Dr. Eliya Zulu, Executive Director, AFIDEP is set to be the keynote speaker for Dialogue No. 1 and will provide an expert overview on the concept of the demographic dividend, its pre-requisites and [&hellip;]<\/p>\n","protected":false},"author":16,"featured_media":20113,"comment_status":"closed","ping_status":"open","sticky":false,"template":"","format":"standard","meta":{"_acf_changed":false,"give_campaign_id":0,"inline_featured_image":false,"footnotes":""},"categories":[2413],"tags":[2514,2515],"programme":[3002],"country":[3074],"cop26":[],"class_list":["post-20112","post","type-post","status-publish","format-standard","has-post-thumbnail","hentry","category-news-fr","tag-afidep-at-the-african-dialogues-on-faith-and-demography-fr","tag-eliya-zulu-fr","programme-dynamique-des-populations-et-dividende-demographique","country-africa-fr"],"acf":[],"yoast_head":"<!-- This site is optimized with the Yoast SEO plugin v27.4 - https:\/\/yoast.com\/product\/yoast-seo-wordpress\/ -->\n<title>AFIDEP at the African Dialogues on Faith and Demography - African Institute for Development Policy - AFIDEP<\/title>\n<meta name=\"description\" content=\"Dr. Eliya Zulu, Executive Director, AFIDEP is set to be the keynote speaker for Dialogue No. 1 and will provide an expert overview on the concept of the demographic dividend, its pre-requisites and its relevance for African countries. At the core of the discussion is the role of faith actors and how they could facilitate socio-demographic change.\" \/>\n<meta name=\"robots\" content=\"index, follow, max-snippet:-1, max-image-preview:large, max-video-preview:-1\" \/>\n<link rel=\"canonical\" href=\"https:\/\/afidep.org\/fr\/afidep-at-the-african-dialogues-on-faith-and-demography\/\" \/>\n<meta property=\"og:locale\" content=\"fr_FR\" \/>\n<meta property=\"og:type\" content=\"article\" \/>\n<meta property=\"og:title\" content=\"AFIDEP at the African Dialogues on Faith and Demography - African Institute for Development Policy - AFIDEP\" \/>\n<meta property=\"og:description\" content=\"Dr. Eliya Zulu, Executive Director, AFIDEP is set to be the keynote speaker for Dialogue No. 1 and will provide an expert overview on the concept of the demographic dividend, its pre-requisites and its relevance for African countries. At the core of the discussion is the role of faith actors and how they could facilitate socio-demographic change.\" \/>\n<meta property=\"og:url\" content=\"https:\/\/afidep.org\/fr\/afidep-at-the-african-dialogues-on-faith-and-demography\/\" \/>\n<meta property=\"og:site_name\" content=\"African Institute for Development Policy - AFIDEP\" \/>\n<meta property=\"article:published_time\" content=\"2022-04-28T10:34:01+00:00\" \/>\n<meta property=\"og:image\" content=\"https:\/\/afidep.org\/wp-content\/uploads\/2022\/04\/Eliya.png\" \/>\n\t<meta property=\"og:image:width\" content=\"1600\" \/>\n\t<meta property=\"og:image:height\" content=\"856\" \/>\n\t<meta property=\"og:image:type\" content=\"image\/png\" \/>\n<meta name=\"author\" content=\"Christopher Kaudzu\" \/>\n<meta name=\"twitter:card\" content=\"summary_large_image\" \/>\n<meta name=\"twitter:label1\" content=\"\u00c9crit par\" \/>\n\t<meta name=\"twitter:data1\" content=\"Christopher Kaudzu\" \/>\n\t<meta name=\"twitter:label2\" content=\"Dur\u00e9e de lecture estim\u00e9e\" \/>\n\t<meta name=\"twitter:data2\" content=\"1 minute\" \/>\n<script type=\"application\/ld+json\" class=\"yoast-schema-graph\">{\"@context\":\"https:\\\/\\\/schema.org\",\"@graph\":[{\"@type\":\"Article\",\"@id\":\"https:\\\/\\\/afidep.org\\\/fr\\\/afidep-at-the-african-dialogues-on-faith-and-demography\\\/#article\",\"isPartOf\":{\"@id\":\"https:\\\/\\\/afidep.org\\\/fr\\\/afidep-at-the-african-dialogues-on-faith-and-demography\\\/\"},\"author\":{\"name\":\"Christopher Kaudzu\",\"@id\":\"https:\\\/\\\/afidep.org\\\/fr\\\/#\\\/schema\\\/person\\\/b789a192e4fdddc5c7e2c6f5319780c4\"},\"headline\":\"AFIDEP at the African Dialogues on Faith and Demography\",\"datePublished\":\"2022-04-28T10:34:01+00:00\",\"mainEntityOfPage\":{\"@id\":\"https:\\\/\\\/afidep.org\\\/fr\\\/afidep-at-the-african-dialogues-on-faith-and-demography\\\/\"},\"wordCount\":215,\"image\":{\"@id\":\"https:\\\/\\\/afidep.org\\\/fr\\\/afidep-at-the-african-dialogues-on-faith-and-demography\\\/#primaryimage\"},\"thumbnailUrl\":\"https:\\\/\\\/afidep.org\\\/wp-content\\\/uploads\\\/2022\\\/04\\\/Eliya.png\",\"keywords\":[\"AFIDEP at the African Dialogues on Faith and Demography\",\"Eliya Zulu\"],\"articleSection\":[\"Actualit\u00e9s\"],\"inLanguage\":\"fr-FR\"},{\"@type\":\"WebPage\",\"@id\":\"https:\\\/\\\/afidep.org\\\/fr\\\/afidep-at-the-african-dialogues-on-faith-and-demography\\\/\",\"url\":\"https:\\\/\\\/afidep.org\\\/fr\\\/afidep-at-the-african-dialogues-on-faith-and-demography\\\/\",\"name\":\"AFIDEP at the African Dialogues on Faith and Demography - African Institute for Development Policy - AFIDEP\",\"isPartOf\":{\"@id\":\"https:\\\/\\\/afidep.org\\\/fr\\\/#website\"},\"primaryImageOfPage\":{\"@id\":\"https:\\\/\\\/afidep.org\\\/fr\\\/afidep-at-the-african-dialogues-on-faith-and-demography\\\/#primaryimage\"},\"image\":{\"@id\":\"https:\\\/\\\/afidep.org\\\/fr\\\/afidep-at-the-african-dialogues-on-faith-and-demography\\\/#primaryimage\"},\"thumbnailUrl\":\"https:\\\/\\\/afidep.org\\\/wp-content\\\/uploads\\\/2022\\\/04\\\/Eliya.png\",\"datePublished\":\"2022-04-28T10:34:01+00:00\",\"author\":{\"@id\":\"https:\\\/\\\/afidep.org\\\/fr\\\/#\\\/schema\\\/person\\\/b789a192e4fdddc5c7e2c6f5319780c4\"},\"description\":\"Dr. Eliya Zulu, Executive Director, AFIDEP is set to be the keynote speaker for Dialogue No. 1 and will provide an expert overview on the concept of the demographic dividend, its pre-requisites and its relevance for African countries. At the core of the discussion is the role of faith actors and how they could facilitate socio-demographic change.\",\"breadcrumb\":{\"@id\":\"https:\\\/\\\/afidep.org\\\/fr\\\/afidep-at-the-african-dialogues-on-faith-and-demography\\\/#breadcrumb\"},\"inLanguage\":\"fr-FR\",\"potentialAction\":[{\"@type\":\"ReadAction\",\"target\":[\"https:\\\/\\\/afidep.org\\\/fr\\\/afidep-at-the-african-dialogues-on-faith-and-demography\\\/\"]}]},{\"@type\":\"ImageObject\",\"inLanguage\":\"fr-FR\",\"@id\":\"https:\\\/\\\/afidep.org\\\/fr\\\/afidep-at-the-african-dialogues-on-faith-and-demography\\\/#primaryimage\",\"url\":\"https:\\\/\\\/afidep.org\\\/wp-content\\\/uploads\\\/2022\\\/04\\\/Eliya.png\",\"contentUrl\":\"https:\\\/\\\/afidep.org\\\/wp-content\\\/uploads\\\/2022\\\/04\\\/Eliya.png\",\"width\":1600,\"height\":856},{\"@type\":\"BreadcrumbList\",\"@id\":\"https:\\\/\\\/afidep.org\\\/fr\\\/afidep-at-the-african-dialogues-on-faith-and-demography\\\/#breadcrumb\",\"itemListElement\":[{\"@type\":\"ListItem\",\"position\":1,\"name\":\"Home\",\"item\":\"https:\\\/\\\/afidep.org\\\/fr\\\/\"},{\"@type\":\"ListItem\",\"position\":2,\"name\":\"AFIDEP at the African Dialogues on Faith and Demography\"}]},{\"@type\":\"WebSite\",\"@id\":\"https:\\\/\\\/afidep.org\\\/fr\\\/#website\",\"url\":\"https:\\\/\\\/afidep.org\\\/fr\\\/\",\"name\":\"African Institute for Development Policy - AFIDEP\",\"description\":\"Bridging Development Research, Policy &amp; Practice\",\"potentialAction\":[{\"@type\":\"SearchAction\",\"target\":{\"@type\":\"EntryPoint\",\"urlTemplate\":\"https:\\\/\\\/afidep.org\\\/fr\\\/?s={search_term_string}\"},\"query-input\":{\"@type\":\"PropertyValueSpecification\",\"valueRequired\":true,\"valueName\":\"search_term_string\"}}],\"inLanguage\":\"fr-FR\"},{\"@type\":\"Person\",\"@id\":\"https:\\\/\\\/afidep.org\\\/fr\\\/#\\\/schema\\\/person\\\/b789a192e4fdddc5c7e2c6f5319780c4\",\"name\":\"Christopher Kaudzu\",\"image\":{\"@type\":\"ImageObject\",\"inLanguage\":\"fr-FR\",\"@id\":\"https:\\\/\\\/secure.gravatar.com\\\/avatar\\\/206156c4cafd4c9ff152d592bb82abae47d9287ca8164e55b5e07d9f243ddd26?s=96&d=mm&r=g\",\"url\":\"https:\\\/\\\/secure.gravatar.com\\\/avatar\\\/206156c4cafd4c9ff152d592bb82abae47d9287ca8164e55b5e07d9f243ddd26?s=96&d=mm&r=g\",\"contentUrl\":\"https:\\\/\\\/secure.gravatar.com\\\/avatar\\\/206156c4cafd4c9ff152d592bb82abae47d9287ca8164e55b5e07d9f243ddd26?s=96&d=mm&r=g\",\"caption\":\"Christopher Kaudzu\"}}]}<\/script>\n<!-- \/ Yoast SEO plugin. -->","yoast_head_json":{"title":"AFIDEP at the African Dialogues on Faith and Demography - African Institute for Development Policy - AFIDEP","description":"Dr. Eliya Zulu, Executive Director, AFIDEP is set to be the keynote speaker for Dialogue No. 1 and will provide an expert overview on the concept of the demographic dividend, its pre-requisites and its relevance for African countries. At the core of the discussion is the role of faith actors and how they could facilitate socio-demographic change.","robots":{"index":"index","follow":"follow","max-snippet":"max-snippet:-1","max-image-preview":"max-image-preview:large","max-video-preview":"max-video-preview:-1"},"canonical":"https:\/\/afidep.org\/fr\/afidep-at-the-african-dialogues-on-faith-and-demography\/","og_locale":"fr_FR","og_type":"article","og_title":"AFIDEP at the African Dialogues on Faith and Demography - African Institute for Development Policy - AFIDEP","og_description":"Dr. Eliya Zulu, Executive Director, AFIDEP is set to be the keynote speaker for Dialogue No. 1 and will provide an expert overview on the concept of the demographic dividend, its pre-requisites and its relevance for African countries. At the core of the discussion is the role of faith actors and how they could facilitate socio-demographic change.","og_url":"https:\/\/afidep.org\/fr\/afidep-at-the-african-dialogues-on-faith-and-demography\/","og_site_name":"African Institute for Development Policy - AFIDEP","article_published_time":"2022-04-28T10:34:01+00:00","og_image":[{"width":1600,"height":856,"url":"https:\/\/afidep.org\/wp-content\/uploads\/2022\/04\/Eliya.png","type":"image\/png"}],"author":"Christopher Kaudzu","twitter_card":"summary_large_image","twitter_misc":{"\u00c9crit par":"Christopher Kaudzu","Dur\u00e9e de lecture estim\u00e9e":"1 minute"},"schema":{"@context":"https:\/\/schema.org","@graph":[{"@type":"Article","@id":"https:\/\/afidep.org\/fr\/afidep-at-the-african-dialogues-on-faith-and-demography\/#article","isPartOf":{"@id":"https:\/\/afidep.org\/fr\/afidep-at-the-african-dialogues-on-faith-and-demography\/"},"author":{"name":"Christopher Kaudzu","@id":"https:\/\/afidep.org\/fr\/#\/schema\/person\/b789a192e4fdddc5c7e2c6f5319780c4"},"headline":"AFIDEP at the African Dialogues on Faith and Demography","datePublished":"2022-04-28T10:34:01+00:00","mainEntityOfPage":{"@id":"https:\/\/afidep.org\/fr\/afidep-at-the-african-dialogues-on-faith-and-demography\/"},"wordCount":215,"image":{"@id":"https:\/\/afidep.org\/fr\/afidep-at-the-african-dialogues-on-faith-and-demography\/#primaryimage"},"thumbnailUrl":"https:\/\/afidep.org\/wp-content\/uploads\/2022\/04\/Eliya.png","keywords":["AFIDEP at the African Dialogues on Faith and Demography","Eliya Zulu"],"articleSection":["Actualit\u00e9s"],"inLanguage":"fr-FR"},{"@type":"WebPage","@id":"https:\/\/afidep.org\/fr\/afidep-at-the-african-dialogues-on-faith-and-demography\/","url":"https:\/\/afidep.org\/fr\/afidep-at-the-african-dialogues-on-faith-and-demography\/","name":"AFIDEP at the African Dialogues on Faith and Demography - African Institute for Development Policy - AFIDEP","isPartOf":{"@id":"https:\/\/afidep.org\/fr\/#website"},"primaryImageOfPage":{"@id":"https:\/\/afidep.org\/fr\/afidep-at-the-african-dialogues-on-faith-and-demography\/#primaryimage"},"image":{"@id":"https:\/\/afidep.org\/fr\/afidep-at-the-african-dialogues-on-faith-and-demography\/#primaryimage"},"thumbnailUrl":"https:\/\/afidep.org\/wp-content\/uploads\/2022\/04\/Eliya.png","datePublished":"2022-04-28T10:34:01+00:00","author":{"@id":"https:\/\/afidep.org\/fr\/#\/schema\/person\/b789a192e4fdddc5c7e2c6f5319780c4"},"description":"Dr. Eliya Zulu, Executive Director, AFIDEP is set to be the keynote speaker for Dialogue No. 1 and will provide an expert overview on the concept of the demographic dividend, its pre-requisites and its relevance for African countries. At the core of the discussion is the role of faith actors and how they could facilitate socio-demographic change.","breadcrumb":{"@id":"https:\/\/afidep.org\/fr\/afidep-at-the-african-dialogues-on-faith-and-demography\/#breadcrumb"},"inLanguage":"fr-FR","potentialAction":[{"@type":"ReadAction","target":["https:\/\/afidep.org\/fr\/afidep-at-the-african-dialogues-on-faith-and-demography\/"]}]},{"@type":"ImageObject","inLanguage":"fr-FR","@id":"https:\/\/afidep.org\/fr\/afidep-at-the-african-dialogues-on-faith-and-demography\/#primaryimage","url":"https:\/\/afidep.org\/wp-content\/uploads\/2022\/04\/Eliya.png","contentUrl":"https:\/\/afidep.org\/wp-content\/uploads\/2022\/04\/Eliya.png","width":1600,"height":856},{"@type":"BreadcrumbList","@id":"https:\/\/afidep.org\/fr\/afidep-at-the-african-dialogues-on-faith-and-demography\/#breadcrumb","itemListElement":[{"@type":"ListItem","position":1,"name":"Home","item":"https:\/\/afidep.org\/fr\/"},{"@type":"ListItem","position":2,"name":"AFIDEP at the African Dialogues on Faith and Demography"}]},{"@type":"WebSite","@id":"https:\/\/afidep.org\/fr\/#website","url":"https:\/\/afidep.org\/fr\/","name":"African Institute for Development Policy - AFIDEP","description":"Bridging Development Research, Policy &amp; Practice","potentialAction":[{"@type":"SearchAction","target":{"@type":"EntryPoint","urlTemplate":"https:\/\/afidep.org\/fr\/?s={search_term_string}"},"query-input":{"@type":"PropertyValueSpecification","valueRequired":true,"valueName":"search_term_string"}}],"inLanguage":"fr-FR"},{"@type":"Person","@id":"https:\/\/afidep.org\/fr\/#\/schema\/person\/b789a192e4fdddc5c7e2c6f5319780c4","name":"Christopher Kaudzu","image":{"@type":"ImageObject","inLanguage":"fr-FR","@id":"https:\/\/secure.gravatar.com\/avatar\/206156c4cafd4c9ff152d592bb82abae47d9287ca8164e55b5e07d9f243ddd26?s=96&d=mm&r=g","url":"https:\/\/secure.gravatar.com\/avatar\/206156c4cafd4c9ff152d592bb82abae47d9287ca8164e55b5e07d9f243ddd26?s=96&d=mm&r=g","contentUrl":"https:\/\/secure.gravatar.com\/avatar\/206156c4cafd4c9ff152d592bb82abae47d9287ca8164e55b5e07d9f243ddd26?s=96&d=mm&r=g","caption":"Christopher Kaudzu"}}]}},"_links":{"self":[{"href":"https:\/\/afidep.org\/fr\/wp-json\/wp\/v2\/posts\/20112","targetHints":{"allow":["GET"]}}],"collection":[{"href":"https:\/\/afidep.org\/fr\/wp-json\/wp\/v2\/posts"}],"about":[{"href":"https:\/\/afidep.org\/fr\/wp-json\/wp\/v2\/types\/post"}],"author":[{"embeddable":true,"href":"https:\/\/afidep.org\/fr\/wp-json\/wp\/v2\/users\/16"}],"replies":[{"embeddable":true,"href":"https:\/\/afidep.org\/fr\/wp-json\/wp\/v2\/comments?post=20112"}],"version-history":[{"count":0,"href":"https:\/\/afidep.org\/fr\/wp-json\/wp\/v2\/posts\/20112\/revisions"}],"wp:featuredmedia":[{"embeddable":true,"href":"https:\/\/afidep.org\/fr\/wp-json\/wp\/v2\/media\/20113"}],"wp:attachment":[{"href":"https:\/\/afidep.org\/fr\/wp-json\/wp\/v2\/media?parent=20112"}],"wp:term":[{"taxonomy":"category","embeddable":true,"href":"https:\/\/afidep.org\/fr\/wp-json\/wp\/v2\/categories?post=20112"},{"taxonomy":"post_tag","embeddable":true,"href":"https:\/\/afidep.org\/fr\/wp-json\/wp\/v2\/tags?post=20112"},{"taxonomy":"programme","embeddable":true,"href":"https:\/\/afidep.org\/fr\/wp-json\/wp\/v2\/programme?post=20112"},{"taxonomy":"country","embeddable":true,"href":"https:\/\/afidep.org\/fr\/wp-json\/wp\/v2\/country?post=20112"},{"taxonomy":"cop26","embeddable":true,"href":"https:\/\/afidep.org\/fr\/wp-json\/wp\/v2\/cop26?post=20112"}],"curies":[{"name":"wp","href":"https:\/\/api.w.org\/{rel}","templated":true}]}}