{"id":21307,"date":"2020-03-24T17:47:14","date_gmt":"2020-03-24T14:47:14","guid":{"rendered":"https:\/\/www.afidep.org\/its-time-to-prevent-tb-to-end-tb-world-tb-day\/"},"modified":"2020-03-24T17:47:14","modified_gmt":"2020-03-24T14:47:14","slug":"its-time-to-prevent-tb-to-end-tb-world-tb-day","status":"publish","type":"post","link":"https:\/\/afidep.org\/fr\/its-time-to-prevent-tb-to-end-tb-world-tb-day\/","title":{"rendered":"It\u2019s time to prevent TB to end TB: World TB Day"},"content":{"rendered":"<p>World Tuberculosis (TB) Day, first calls for a celebration on the progress made so far in controlling TB. In fact, the World Health Organisation (WHO) <a href=\"https:\/\/www.who.int\/news-room\/campaigns\/world-tb-day\/world-tb-day-2020\">estimates<\/a> that global efforts to address TB have saved 58 million lives in the last two decades. Moreover, Europe and seven high-burden TB African countries are on track to achieve 2020 milestones agreed at the United Nations (UN) 2018 Meeting to End TB, according to the WHO\u2019s <a href=\"https:\/\/www.who.int\/tb\/publications\/global_report\/tb19_Exec_Sum_12Nov2019.pdf?ua=1\">2019 Global TB Report<\/a>.<\/p>\n<span class='bctt-click-to-tweet'><span class='bctt-ctt-text'><a href='https:\/\/x.com\/intent\/tweet?url=https%3A%2F%2Fafidep.org%2Ffr%2F%3Fp%3D21307&#038;text=WHO%20estimates%20that%20global%20efforts%20to%20address%20TB%20have%20saved%2058%20million%20lives%20in%20the%20last%20two%20decades.%20Moreover%2C%20Europe%20and%20seven%20high-burden%20TB%20African%20countries%20are%20on%20track%20to%20achieve%202020%20milestones%20agreed%20at%20the%20UN%202018%20Meeting%20to%20End%20TB.&#038;via=Afidep&#038;related=Afidep' target='_blank'rel=\"noopener noreferrer\">WHO estimates that global efforts to address TB have saved 58 million lives in the last two decades. Moreover, Europe and seven high-burden TB African countries are on track to achieve 2020 milestones agreed at the UN 2018 Meeting to End TB. <\/a><\/span><a href='https:\/\/x.com\/intent\/tweet?url=https%3A%2F%2Fafidep.org%2Ffr%2F%3Fp%3D21307&#038;text=WHO%20estimates%20that%20global%20efforts%20to%20address%20TB%20have%20saved%2058%20million%20lives%20in%20the%20last%20two%20decades.%20Moreover%2C%20Europe%20and%20seven%20high-burden%20TB%20African%20countries%20are%20on%20track%20to%20achieve%202020%20milestones%20agreed%20at%20the%20UN%202018%20Meeting%20to%20End%20TB.&#038;via=Afidep&#038;related=Afidep' target='_blank' class='bctt-ctt-btn'rel=\"noopener noreferrer\">Share on X<\/a><\/span>\n<p>That said, there is still much work that needs to be done. Cumulatively, we are less than halfway in meeting our 2020 milestones to end TB. In 2018, 10 million people were diagnosed. In the same year, 1.5 million people died from TB\u2014making TB the leading infectious killer around the world. Notably, sub-Saharan Africa (SSA) accounts for one quarter of all TB cases and deaths.<\/p>\n<p>These statistics illustrate that <strong>it\u2019s time to end TB.<\/strong><\/p>\n<p>To commemorate World TB Day this year, AFIDEP interviewed TB experts in Malawi at Facilitators of Community Transformation (<a href=\"https:\/\/factmw.org\/\">FACT<\/a>) and the <a href=\"http:\/\/www.health.gov.mw\">Ministry of Health &#8211; National TB Control Programme Malawi<\/a>. The interviews shed light on critical components of TB control in Malawi, including the need to focus on the most high-risk and vulnerable populations such as miners, <a href=\"https:\/\/afidep.org\/tuberculosis-in-malawian-prisons-a-public-health-concern\/\">prisoners<\/a>, HIV positive individuals, and children. In addition, the interviews call for addressing key gaps in Malawi\u2019s TB control including increased testing with improved diagnostic tools. Check out the video series below.<\/p>\n<p><strong>The State of TB in Malawi (prisoners and children)<\/strong><\/p>\n<p>In this video FACT Executive Director, Thokozile Phiri and FACT Health Policy and Advocacy Manager, Tromy Harawa discuss the gaps that exist in preventing and managing TB among the vulnerable population that are prisoners and children.<\/p>\n<p><iframe loading=\"lazy\" title=\"World TB Day 2020 - The state of TB in Malawi (Prisoners and children)\" width=\"500\" height=\"281\" src=\"https:\/\/www.youtube.com\/embed\/EMBvtUL_Hqc?start=2&#038;feature=oembed\" frameborder=\"0\" allow=\"accelerometer; autoplay; clipboard-write; encrypted-media; gyroscope; picture-in-picture; web-share\" referrerpolicy=\"strict-origin-when-cross-origin\" allowfullscreen><\/iframe><\/p>\n<p>&nbsp;<\/p>\n<p><strong>The State of TB in Malawi (miners, urban poor and HIV positive individuals)<\/strong><\/p>\n<p>In this video National TB Control Programme Malawi, Deputy Programme Manager, Isaias Dambe and National TB Control Programme Malawi, Chief Medical Officer, Care and Treatment Officer, Kuzani Mbendera discuss critical components of TB control in Malawi among the high-risk population that are miners, the urban poor and HIV positive individuals.<\/p>\n<p><iframe loading=\"lazy\" title=\"World TB Day 2020 - The State of TB in Malawi (Miners, urban poor and HIV positive individuals)\" width=\"500\" height=\"281\" src=\"https:\/\/www.youtube.com\/embed\/mLWMwZ5j9b0?feature=oembed\" frameborder=\"0\" allow=\"accelerometer; autoplay; clipboard-write; encrypted-media; gyroscope; picture-in-picture; web-share\" referrerpolicy=\"strict-origin-when-cross-origin\" allowfullscreen><\/iframe><\/p>\n<p>&nbsp;<\/p>\n<p><em>This work is part of the International Multidisciplinary Programme to Address Lung Health and TB in Africa (<\/em><a href=\"https:\/\/www.afidep.org\/our-work\/strengthening-capacity-use-evidence-policymaking-spaces\/current-programmes\/international-multidisciplinary-programme-address-lung-health-tb-africa\/\"><em>IMPALA<\/em><\/a><em>), a four-year collaborative programme funded by the National Institute of Health Research (NIHR) (IMPALA, grant reference 16\/136\/35) using UK aid from the UK Government to support global health research. The views expressed in this publication are those of the author(s) and not necessarily those of the NIHR or the UK Department of Health and Social Care.\u201d<\/em><\/p>\n","protected":false},"excerpt":{"rendered":"<p>World Tuberculosis (TB) Day, first calls for a celebration on the progress made so far in controlling TB. In fact, the World Health Organisation (WHO) estimates that global efforts to address TB have saved 58 million lives in the last two decades. Moreover, Europe and seven high-burden TB African countries are on track to achieve 2020 milestones agreed at the United Nations (UN) 2018 Meeting to End TB, according to the WHO\u2019s 2019 Global TB Report. That said, there is still much work that needs to be done. Cumulatively, we are less than halfway in meeting our 2020 milestones to [&hellip;]<\/p>\n","protected":false},"author":1,"featured_media":21326,"comment_status":"closed","ping_status":"open","sticky":false,"template":"","format":"standard","meta":{"_acf_changed":false,"give_campaign_id":0,"inline_featured_image":false,"footnotes":""},"categories":[2418],"tags":[2964,2670,2463,2965,2464,2966,2677],"programme":[3008,3014],"country":[3033,3034,3036,3037,3038,3041,3044,3045,3047,3049],"cop26":[],"class_list":["post-21307","post","type-post","status-publish","format-standard","has-post-thumbnail","hentry","category-blogs-fr","tag-communicable-fr","tag-impala-fr","tag-lung-health-fr","tag-non-communicable-diseases-fr","tag-tb-fr","tag-the-international-multidisciplinary-programme-to-address-lung-health-and-tb-in-africa-fr","tag-the-international-multidisciplinary-programme-to-address-lung-health-and-tb-in-africa-impala-fr","programme-le-programme-multidisciplinaire-international-de-lutte-contre-la-sante-pulmonaire-et-la-tuberculose-en-afrique-le-projet-impala","programme-sante-et-bien-etre","country-cameroon-fr","country-ethiopia-fr","country-ghana-fr","country-kenya-fr","country-malawi-fr","country-nigeria-fr","country-south-africa-fr","country-sudan-fr","country-tanzania-fr","country-uganda-fr"],"acf":[],"yoast_head":"<!-- This site is optimized with the Yoast SEO plugin v27.5 - https:\/\/yoast.com\/product\/yoast-seo-wordpress\/ -->\n<title>It\u2019s time to prevent TB to end TB: World TB Day - African Institute for Development Policy - AFIDEP<\/title>\n<meta name=\"description\" content=\"World Tuberculosis (TB) Day, first calls for a celebration on the progress made so far in controlling TB. In fact, the World Health Organisation (WHO) estimates that global efforts to address TB have saved 58 million lives in the last two decades. Moreover, Europe and seven high-burden TB African countries are on track to achieve 2020 milestones agreed at the United Nations 2018 Meeting to End TB, according to the WHO\u2019s 2019 Global TB Report.\" \/>\n<meta name=\"robots\" content=\"index, follow, max-snippet:-1, max-image-preview:large, max-video-preview:-1\" \/>\n<link rel=\"canonical\" href=\"https:\/\/afidep.org\/fr\/its-time-to-prevent-tb-to-end-tb-world-tb-day\/\" \/>\n<meta property=\"og:locale\" content=\"fr_FR\" \/>\n<meta property=\"og:type\" content=\"article\" \/>\n<meta property=\"og:title\" content=\"It\u2019s time to prevent TB to end TB: World TB Day - African Institute for Development Policy - AFIDEP\" \/>\n<meta property=\"og:description\" content=\"World Tuberculosis (TB) Day, first calls for a celebration on the progress made so far in controlling TB. In fact, the World Health Organisation (WHO) estimates that global efforts to address TB have saved 58 million lives in the last two decades. Moreover, Europe and seven high-burden TB African countries are on track to achieve 2020 milestones agreed at the United Nations 2018 Meeting to End TB, according to the WHO\u2019s 2019 Global TB Report.\" \/>\n<meta property=\"og:url\" content=\"https:\/\/afidep.org\/fr\/its-time-to-prevent-tb-to-end-tb-world-tb-day\/\" \/>\n<meta property=\"og:site_name\" content=\"African Institute for Development Policy - AFIDEP\" \/>\n<meta property=\"article:published_time\" content=\"2020-03-24T14:47:14+00:00\" \/>\n<meta property=\"og:image\" content=\"https:\/\/afidep.org\/wp-content\/uploads\/2020\/03\/Image.jpeg\" \/>\n\t<meta property=\"og:image:width\" content=\"1024\" \/>\n\t<meta property=\"og:image:height\" content=\"512\" \/>\n\t<meta property=\"og:image:type\" content=\"image\/jpeg\" \/>\n<meta name=\"author\" content=\"kratos\" \/>\n<meta name=\"twitter:card\" content=\"summary_large_image\" \/>\n<meta name=\"twitter:label1\" content=\"\u00c9crit par\" \/>\n\t<meta name=\"twitter:data1\" content=\"kratos\" \/>\n\t<meta name=\"twitter:label2\" content=\"Dur\u00e9e de lecture estim\u00e9e\" \/>\n\t<meta name=\"twitter:data2\" content=\"2 minutes\" \/>\n<script type=\"application\/ld+json\" class=\"yoast-schema-graph\">{\"@context\":\"https:\\\/\\\/schema.org\",\"@graph\":[{\"@type\":\"Article\",\"@id\":\"https:\\\/\\\/afidep.org\\\/fr\\\/its-time-to-prevent-tb-to-end-tb-world-tb-day\\\/#article\",\"isPartOf\":{\"@id\":\"https:\\\/\\\/afidep.org\\\/fr\\\/its-time-to-prevent-tb-to-end-tb-world-tb-day\\\/\"},\"author\":{\"name\":\"kratos\",\"@id\":\"https:\\\/\\\/afidep.org\\\/fr\\\/#\\\/schema\\\/person\\\/558f83dd869e358067ee0badcdd60310\"},\"headline\":\"It\u2019s time to prevent TB to end TB: World TB Day\",\"datePublished\":\"2020-03-24T14:47:14+00:00\",\"mainEntityOfPage\":{\"@id\":\"https:\\\/\\\/afidep.org\\\/fr\\\/its-time-to-prevent-tb-to-end-tb-world-tb-day\\\/\"},\"wordCount\":494,\"image\":{\"@id\":\"https:\\\/\\\/afidep.org\\\/fr\\\/its-time-to-prevent-tb-to-end-tb-world-tb-day\\\/#primaryimage\"},\"thumbnailUrl\":\"https:\\\/\\\/afidep.org\\\/wp-content\\\/uploads\\\/2020\\\/03\\\/Image.jpeg\",\"keywords\":[\"communicable\",\"IMPALA\",\"lung health\",\"Non-Communicable Diseases\",\"TB\",\"The International Multidisciplinary Programme to Address Lung Health and TB in Africa\",\"The International Multidisciplinary Programme to Address Lung Health and TB in Africa (IMPALA)\"],\"articleSection\":[\"Blogs\"],\"inLanguage\":\"fr-FR\"},{\"@type\":\"WebPage\",\"@id\":\"https:\\\/\\\/afidep.org\\\/fr\\\/its-time-to-prevent-tb-to-end-tb-world-tb-day\\\/\",\"url\":\"https:\\\/\\\/afidep.org\\\/fr\\\/its-time-to-prevent-tb-to-end-tb-world-tb-day\\\/\",\"name\":\"It\u2019s time to prevent TB to end TB: World TB Day - African Institute for Development Policy - AFIDEP\",\"isPartOf\":{\"@id\":\"https:\\\/\\\/afidep.org\\\/fr\\\/#website\"},\"primaryImageOfPage\":{\"@id\":\"https:\\\/\\\/afidep.org\\\/fr\\\/its-time-to-prevent-tb-to-end-tb-world-tb-day\\\/#primaryimage\"},\"image\":{\"@id\":\"https:\\\/\\\/afidep.org\\\/fr\\\/its-time-to-prevent-tb-to-end-tb-world-tb-day\\\/#primaryimage\"},\"thumbnailUrl\":\"https:\\\/\\\/afidep.org\\\/wp-content\\\/uploads\\\/2020\\\/03\\\/Image.jpeg\",\"datePublished\":\"2020-03-24T14:47:14+00:00\",\"author\":{\"@id\":\"https:\\\/\\\/afidep.org\\\/fr\\\/#\\\/schema\\\/person\\\/558f83dd869e358067ee0badcdd60310\"},\"description\":\"World Tuberculosis (TB) Day, first calls for a celebration on the progress made so far in controlling TB. In fact, the World Health Organisation (WHO) estimates that global efforts to address TB have saved 58 million lives in the last two decades. Moreover, Europe and seven high-burden TB African countries are on track to achieve 2020 milestones agreed at the United Nations 2018 Meeting to End TB, according to the WHO\u2019s 2019 Global TB Report.\",\"breadcrumb\":{\"@id\":\"https:\\\/\\\/afidep.org\\\/fr\\\/its-time-to-prevent-tb-to-end-tb-world-tb-day\\\/#breadcrumb\"},\"inLanguage\":\"fr-FR\",\"potentialAction\":[{\"@type\":\"ReadAction\",\"target\":[\"https:\\\/\\\/afidep.org\\\/fr\\\/its-time-to-prevent-tb-to-end-tb-world-tb-day\\\/\"]}]},{\"@type\":\"ImageObject\",\"inLanguage\":\"fr-FR\",\"@id\":\"https:\\\/\\\/afidep.org\\\/fr\\\/its-time-to-prevent-tb-to-end-tb-world-tb-day\\\/#primaryimage\",\"url\":\"https:\\\/\\\/afidep.org\\\/wp-content\\\/uploads\\\/2020\\\/03\\\/Image.jpeg\",\"contentUrl\":\"https:\\\/\\\/afidep.org\\\/wp-content\\\/uploads\\\/2020\\\/03\\\/Image.jpeg\",\"width\":1024,\"height\":512},{\"@type\":\"BreadcrumbList\",\"@id\":\"https:\\\/\\\/afidep.org\\\/fr\\\/its-time-to-prevent-tb-to-end-tb-world-tb-day\\\/#breadcrumb\",\"itemListElement\":[{\"@type\":\"ListItem\",\"position\":1,\"name\":\"Home\",\"item\":\"https:\\\/\\\/afidep.org\\\/fr\\\/\"},{\"@type\":\"ListItem\",\"position\":2,\"name\":\"It\u2019s time to prevent TB to end TB: World TB Day\"}]},{\"@type\":\"WebSite\",\"@id\":\"https:\\\/\\\/afidep.org\\\/fr\\\/#website\",\"url\":\"https:\\\/\\\/afidep.org\\\/fr\\\/\",\"name\":\"African Institute for Development Policy - AFIDEP\",\"description\":\"Bridging Development Research, Policy &amp; Practice\",\"potentialAction\":[{\"@type\":\"SearchAction\",\"target\":{\"@type\":\"EntryPoint\",\"urlTemplate\":\"https:\\\/\\\/afidep.org\\\/fr\\\/?s={search_term_string}\"},\"query-input\":{\"@type\":\"PropertyValueSpecification\",\"valueRequired\":true,\"valueName\":\"search_term_string\"}}],\"inLanguage\":\"fr-FR\"},{\"@type\":\"Person\",\"@id\":\"https:\\\/\\\/afidep.org\\\/fr\\\/#\\\/schema\\\/person\\\/558f83dd869e358067ee0badcdd60310\",\"name\":\"kratos\",\"image\":{\"@type\":\"ImageObject\",\"inLanguage\":\"fr-FR\",\"@id\":\"https:\\\/\\\/secure.gravatar.com\\\/avatar\\\/22d7cb66e42ed9eff5985bb12e547de44d7c9d5dafb92db8b3e38763e10df08a?s=96&d=mm&r=g\",\"url\":\"https:\\\/\\\/secure.gravatar.com\\\/avatar\\\/22d7cb66e42ed9eff5985bb12e547de44d7c9d5dafb92db8b3e38763e10df08a?s=96&d=mm&r=g\",\"contentUrl\":\"https:\\\/\\\/secure.gravatar.com\\\/avatar\\\/22d7cb66e42ed9eff5985bb12e547de44d7c9d5dafb92db8b3e38763e10df08a?s=96&d=mm&r=g\",\"caption\":\"kratos\"}}]}<\/script>\n<!-- \/ Yoast SEO plugin. -->","yoast_head_json":{"title":"It\u2019s time to prevent TB to end TB: World TB Day - African Institute for Development Policy - AFIDEP","description":"World Tuberculosis (TB) Day, first calls for a celebration on the progress made so far in controlling TB. In fact, the World Health Organisation (WHO) estimates that global efforts to address TB have saved 58 million lives in the last two decades. Moreover, Europe and seven high-burden TB African countries are on track to achieve 2020 milestones agreed at the United Nations 2018 Meeting to End TB, according to the WHO\u2019s 2019 Global TB Report.","robots":{"index":"index","follow":"follow","max-snippet":"max-snippet:-1","max-image-preview":"max-image-preview:large","max-video-preview":"max-video-preview:-1"},"canonical":"https:\/\/afidep.org\/fr\/its-time-to-prevent-tb-to-end-tb-world-tb-day\/","og_locale":"fr_FR","og_type":"article","og_title":"It\u2019s time to prevent TB to end TB: World TB Day - African Institute for Development Policy - AFIDEP","og_description":"World Tuberculosis (TB) Day, first calls for a celebration on the progress made so far in controlling TB. In fact, the World Health Organisation (WHO) estimates that global efforts to address TB have saved 58 million lives in the last two decades. Moreover, Europe and seven high-burden TB African countries are on track to achieve 2020 milestones agreed at the United Nations 2018 Meeting to End TB, according to the WHO\u2019s 2019 Global TB Report.","og_url":"https:\/\/afidep.org\/fr\/its-time-to-prevent-tb-to-end-tb-world-tb-day\/","og_site_name":"African Institute for Development Policy - AFIDEP","article_published_time":"2020-03-24T14:47:14+00:00","og_image":[{"width":1024,"height":512,"url":"https:\/\/afidep.org\/wp-content\/uploads\/2020\/03\/Image.jpeg","type":"image\/jpeg"}],"author":"kratos","twitter_card":"summary_large_image","twitter_misc":{"\u00c9crit par":"kratos","Dur\u00e9e de lecture estim\u00e9e":"2 minutes"},"schema":{"@context":"https:\/\/schema.org","@graph":[{"@type":"Article","@id":"https:\/\/afidep.org\/fr\/its-time-to-prevent-tb-to-end-tb-world-tb-day\/#article","isPartOf":{"@id":"https:\/\/afidep.org\/fr\/its-time-to-prevent-tb-to-end-tb-world-tb-day\/"},"author":{"name":"kratos","@id":"https:\/\/afidep.org\/fr\/#\/schema\/person\/558f83dd869e358067ee0badcdd60310"},"headline":"It\u2019s time to prevent TB to end TB: World TB Day","datePublished":"2020-03-24T14:47:14+00:00","mainEntityOfPage":{"@id":"https:\/\/afidep.org\/fr\/its-time-to-prevent-tb-to-end-tb-world-tb-day\/"},"wordCount":494,"image":{"@id":"https:\/\/afidep.org\/fr\/its-time-to-prevent-tb-to-end-tb-world-tb-day\/#primaryimage"},"thumbnailUrl":"https:\/\/afidep.org\/wp-content\/uploads\/2020\/03\/Image.jpeg","keywords":["communicable","IMPALA","lung health","Non-Communicable Diseases","TB","The International Multidisciplinary Programme to Address Lung Health and TB in Africa","The International Multidisciplinary Programme to Address Lung Health and TB in Africa (IMPALA)"],"articleSection":["Blogs"],"inLanguage":"fr-FR"},{"@type":"WebPage","@id":"https:\/\/afidep.org\/fr\/its-time-to-prevent-tb-to-end-tb-world-tb-day\/","url":"https:\/\/afidep.org\/fr\/its-time-to-prevent-tb-to-end-tb-world-tb-day\/","name":"It\u2019s time to prevent TB to end TB: World TB Day - African Institute for Development Policy - AFIDEP","isPartOf":{"@id":"https:\/\/afidep.org\/fr\/#website"},"primaryImageOfPage":{"@id":"https:\/\/afidep.org\/fr\/its-time-to-prevent-tb-to-end-tb-world-tb-day\/#primaryimage"},"image":{"@id":"https:\/\/afidep.org\/fr\/its-time-to-prevent-tb-to-end-tb-world-tb-day\/#primaryimage"},"thumbnailUrl":"https:\/\/afidep.org\/wp-content\/uploads\/2020\/03\/Image.jpeg","datePublished":"2020-03-24T14:47:14+00:00","author":{"@id":"https:\/\/afidep.org\/fr\/#\/schema\/person\/558f83dd869e358067ee0badcdd60310"},"description":"World Tuberculosis (TB) Day, first calls for a celebration on the progress made so far in controlling TB. In fact, the World Health Organisation (WHO) estimates that global efforts to address TB have saved 58 million lives in the last two decades. Moreover, Europe and seven high-burden TB African countries are on track to achieve 2020 milestones agreed at the United Nations 2018 Meeting to End TB, according to the WHO\u2019s 2019 Global TB Report.","breadcrumb":{"@id":"https:\/\/afidep.org\/fr\/its-time-to-prevent-tb-to-end-tb-world-tb-day\/#breadcrumb"},"inLanguage":"fr-FR","potentialAction":[{"@type":"ReadAction","target":["https:\/\/afidep.org\/fr\/its-time-to-prevent-tb-to-end-tb-world-tb-day\/"]}]},{"@type":"ImageObject","inLanguage":"fr-FR","@id":"https:\/\/afidep.org\/fr\/its-time-to-prevent-tb-to-end-tb-world-tb-day\/#primaryimage","url":"https:\/\/afidep.org\/wp-content\/uploads\/2020\/03\/Image.jpeg","contentUrl":"https:\/\/afidep.org\/wp-content\/uploads\/2020\/03\/Image.jpeg","width":1024,"height":512},{"@type":"BreadcrumbList","@id":"https:\/\/afidep.org\/fr\/its-time-to-prevent-tb-to-end-tb-world-tb-day\/#breadcrumb","itemListElement":[{"@type":"ListItem","position":1,"name":"Home","item":"https:\/\/afidep.org\/fr\/"},{"@type":"ListItem","position":2,"name":"It\u2019s time to prevent TB to end TB: World TB Day"}]},{"@type":"WebSite","@id":"https:\/\/afidep.org\/fr\/#website","url":"https:\/\/afidep.org\/fr\/","name":"African Institute for Development Policy - AFIDEP","description":"Bridging Development Research, Policy &amp; Practice","potentialAction":[{"@type":"SearchAction","target":{"@type":"EntryPoint","urlTemplate":"https:\/\/afidep.org\/fr\/?s={search_term_string}"},"query-input":{"@type":"PropertyValueSpecification","valueRequired":true,"valueName":"search_term_string"}}],"inLanguage":"fr-FR"},{"@type":"Person","@id":"https:\/\/afidep.org\/fr\/#\/schema\/person\/558f83dd869e358067ee0badcdd60310","name":"kratos","image":{"@type":"ImageObject","inLanguage":"fr-FR","@id":"https:\/\/secure.gravatar.com\/avatar\/22d7cb66e42ed9eff5985bb12e547de44d7c9d5dafb92db8b3e38763e10df08a?s=96&d=mm&r=g","url":"https:\/\/secure.gravatar.com\/avatar\/22d7cb66e42ed9eff5985bb12e547de44d7c9d5dafb92db8b3e38763e10df08a?s=96&d=mm&r=g","contentUrl":"https:\/\/secure.gravatar.com\/avatar\/22d7cb66e42ed9eff5985bb12e547de44d7c9d5dafb92db8b3e38763e10df08a?s=96&d=mm&r=g","caption":"kratos"}}]}},"_links":{"self":[{"href":"https:\/\/afidep.org\/fr\/wp-json\/wp\/v2\/posts\/21307","targetHints":{"allow":["GET"]}}],"collection":[{"href":"https:\/\/afidep.org\/fr\/wp-json\/wp\/v2\/posts"}],"about":[{"href":"https:\/\/afidep.org\/fr\/wp-json\/wp\/v2\/types\/post"}],"author":[{"embeddable":true,"href":"https:\/\/afidep.org\/fr\/wp-json\/wp\/v2\/users\/1"}],"replies":[{"embeddable":true,"href":"https:\/\/afidep.org\/fr\/wp-json\/wp\/v2\/comments?post=21307"}],"version-history":[{"count":0,"href":"https:\/\/afidep.org\/fr\/wp-json\/wp\/v2\/posts\/21307\/revisions"}],"wp:featuredmedia":[{"embeddable":true,"href":"https:\/\/afidep.org\/fr\/wp-json\/wp\/v2\/media\/21326"}],"wp:attachment":[{"href":"https:\/\/afidep.org\/fr\/wp-json\/wp\/v2\/media?parent=21307"}],"wp:term":[{"taxonomy":"category","embeddable":true,"href":"https:\/\/afidep.org\/fr\/wp-json\/wp\/v2\/categories?post=21307"},{"taxonomy":"post_tag","embeddable":true,"href":"https:\/\/afidep.org\/fr\/wp-json\/wp\/v2\/tags?post=21307"},{"taxonomy":"programme","embeddable":true,"href":"https:\/\/afidep.org\/fr\/wp-json\/wp\/v2\/programme?post=21307"},{"taxonomy":"country","embeddable":true,"href":"https:\/\/afidep.org\/fr\/wp-json\/wp\/v2\/country?post=21307"},{"taxonomy":"cop26","embeddable":true,"href":"https:\/\/afidep.org\/fr\/wp-json\/wp\/v2\/cop26?post=21307"}],"curies":[{"name":"wp","href":"https:\/\/api.w.org\/{rel}","templated":true}]}}