{"id":30413,"date":"2023-09-03T12:30:37","date_gmt":"2023-09-03T09:30:37","guid":{"rendered":"https:\/\/www.afidep.org\/?p=30413"},"modified":"2023-12-12T22:47:15","modified_gmt":"2023-12-12T19:47:15","slug":"le-projet-build-finance-par-lusaid-organisera-un-evenement-parallele-sur-les-liens-entre-le-changement-climatique-et-la-sante-lors-de-la-semaine-africaine-du-climat-et-du-sommet","status":"publish","type":"post","link":"https:\/\/afidep.org\/fr\/le-projet-build-finance-par-lusaid-organisera-un-evenement-parallele-sur-les-liens-entre-le-changement-climatique-et-la-sante-lors-de-la-semaine-africaine-du-climat-et-du-sommet\/","title":{"rendered":"Le projet BUILD, financ\u00e9 par l&rsquo;USAID, organisera un \u00e9v\u00e9nement parall\u00e8le sur les liens entre le changement climatique et la sant\u00e9 lors de la Semaine africaine du climat et du sommet"},"content":{"rendered":"<p>Le projet de renforcement des capacit\u00e9s pour la planification familiale int\u00e9gr\u00e9e\/sant\u00e9 reproductive et l&rsquo;action en mati\u00e8re de population, d&rsquo;environnement et de d\u00e9veloppement (BUILD), financ\u00e9 par l&rsquo;USAID, organisera conjointement avec des partenaires un \u00e9v\u00e9nement parall\u00e8le lors de la Semaine africaine du climat et du sommet qui se tiendra du 4 au 8 septembre. \u00e0 Nairobi, au Kenya.<\/p>\n<p>L&rsquo;\u00e9v\u00e9nement parall\u00e8le du 7 septembre 2023 entre 17h et 18h l\u2019heure de l\u2019Afrique de l\u2019Est se concentrera sur le changement climatique et la sant\u00e9 et s&rsquo;appuie sur le fait que le changement climatique est une crise d\u00e9terminante pour notre g\u00e9n\u00e9ration et le d\u00e9veloppement durable.<\/p>\n<p>Les impacts du changement climatique comprennent une fr\u00e9quence et une intensit\u00e9 accrues des \u00e9v\u00e9nements m\u00e9t\u00e9orologiques extr\u00eames, avec des effets n\u00e9fastes sur la s\u00e9curit\u00e9 alimentaire et hydrique, la sant\u00e9 humaine et les moyens de subsistance. Les r\u00e9gions et les populations confront\u00e9es \u00e0 des contraintes de d\u00e9veloppement consid\u00e9rables, telles que la pauvret\u00e9, une mauvaise gouvernance, un acc\u00e8s limit\u00e9 aux services et ressources essentiels, aux conflits et aux moyens de subsistance sensibles au climat, sont tr\u00e8s vuln\u00e9rables aux al\u00e9as climatiques. Les pays \u00e0 revenu faible et interm\u00e9diaire (PRFI), principalement en Afrique, en Asie du Sud, en Am\u00e9rique centrale et du Sud et dans les petits \u00c9tats insulaires en d\u00e9veloppement, sont des points chauds du changement climatique avec une grande vuln\u00e9rabilit\u00e9 humaine.<\/p>\n<p>Comme l\u2019ont soulign\u00e9 divers rapports du Groupe d\u2019experts intergouvernemental sur l\u2019\u00e9volution du climat (GIEC), les mod\u00e8les de d\u00e9veloppement humain pass\u00e9s, pr\u00e9sents et futurs constituent des forces puissantes pour d\u00e9terminer la vuln\u00e9rabilit\u00e9.<\/p>\n<p>Les mod\u00e8les persistants de consommation et de production non durables, l\u2019utilisation non durable des ressources naturelles et la croissance d\u00e9mographique constituent tous des d\u00e9fis pour notre capacit\u00e9 \u00e0 faire face aux impacts n\u00e9gatifs du changement climatique. Les objectifs de l&rsquo;\u00e9v\u00e9nement parall\u00e8le comprennent\u00a0:<\/p>\n<ol>\n<li>Sensibiliser les acteurs du climat aux liens entre le changement climatique et la dynamique des populations et au r\u00f4le vital de l&rsquo;autonomisation des femmes et des jeunes dans l&rsquo;adaptation au climat et le renforcement de la r\u00e9silience dans les PRFI.<\/li>\n<\/ol>\n<p>&nbsp;<\/p>\n<ol start=\"2\">\n<li>Favoriser le dialogue sur les vuln\u00e9rabilit\u00e9s li\u00e9es au changement climatique pour les communaut\u00e9s ainsi que sur la dynamique de genre par rapport \u00e0 la capacit\u00e9 d&rsquo;adaptation au changement climatique.<\/li>\n<\/ol>\n<p>&nbsp;<\/p>\n<ol start=\"3\">\n<li>Plaider en faveur de mesures d&rsquo;adaptation au climat qui incluent le renforcement des services et des syst\u00e8mes de sant\u00e9 dans les PRFI, y compris l&rsquo;acc\u00e8s \u00e0 la planification familiale volontaire et \u00e0 la sant\u00e9 reproductive.<\/li>\n<\/ol>\n<p>Le projet BUILD rassemble des dirigeants et des organisations du Sud d&rsquo;Afrique, d&rsquo;Asie et des \u00c9tats-Unis qui, ensemble, poss\u00e8dent une expertise technique av\u00e9r\u00e9e dans la favorisation d&rsquo;interventions intersectorielles en mati\u00e8re de population, d&rsquo;environnement et de d\u00e9veloppement (PED) et dans le plaidoyer en faveur de la planification familiale volontaire (PF). et le renforcement des capacit\u00e9s. Ils comprennent; <a href=\"https:\/\/www.usaid.gov\/global-health\/health-areas\/family-planning\/news-and-updates\/usaid-announces-new-award-strengthen?fbclid=IwAR2xoDjqD6POUFR0mUuqoN7aXvFfvcQxTkxMcODEtcYLhKWEQunQpjeBH5Q\">l&rsquo;Agence des \u00c9tats-Unis pour le d\u00e9veloppement international (USAID)<\/a>, <a href=\"https:\/\/www.afidep.org\/\">l&rsquo;Institut africain pour les politiques de d\u00e9veloppement (AFIDEP)<\/a>, <a href=\"https:\/\/www.leadsea.mw\/\">Leadership for Environment and Development Southern and Eastern Africa<\/a> (LEAD SEA), <a href=\"https:\/\/www.pfpi.org\/\">PATH Foundation Philippines Inc.<\/a> (PFPI), <a href=\"https:\/\/www.fhi360.org\/\">FHI360<\/a> et <a href=\"https:\/\/pacja.org\/\">l\u2019Alliance pan-africaine pour la justice climatique (PACJA)<\/a>.<\/p>\n<p>&nbsp;<\/p>\n<p>Li\u00e9 \u00e0\u00a0: <a href=\"https:\/\/afidep.org\/fr\/programme\/build-fr\/\">BUILD<\/a> (<a href=\"https:\/\/afidep.org\/fr\/programme\/build-fr\/\">Renforcement des capacit\u00e9s en mati\u00e8re de planification familiale int\u00e9gr\u00e9e\/sant\u00e9 reproductive et d&rsquo;action en mati\u00e8re de population, d&rsquo;environnement et de d\u00e9veloppement<\/a>)<\/p>\n<p>&nbsp;<\/p>\n","protected":false},"excerpt":{"rendered":"<p>Le projet de renforcement des capacit\u00e9s pour la planification familiale int\u00e9gr\u00e9e\/sant\u00e9 reproductive et l&rsquo;action en mati\u00e8re de population, d&rsquo;environnement et de d\u00e9veloppement (BUILD), financ\u00e9 par l&rsquo;USAID, organisera conjointement avec des partenaires un \u00e9v\u00e9nement parall\u00e8le lors de la Semaine africaine du climat et du sommet qui se tiendra du 4 au 8 septembre. \u00e0 Nairobi, au Kenya. L&rsquo;\u00e9v\u00e9nement parall\u00e8le du 7 septembre 2023 entre 17h et 18h l\u2019heure de l\u2019Afrique de l\u2019Est se concentrera sur le changement climatique et la sant\u00e9 et s&rsquo;appuie sur le fait que le changement climatique est une crise d\u00e9terminante pour notre g\u00e9n\u00e9ration et le d\u00e9veloppement durable. [&hellip;]<\/p>\n","protected":false},"author":20,"featured_media":30361,"comment_status":"closed","ping_status":"open","sticky":false,"template":"","format":"standard","meta":{"_acf_changed":false,"give_campaign_id":0,"inline_featured_image":false,"footnotes":""},"categories":[2400],"tags":[],"programme":[],"country":[],"cop26":[],"class_list":["post-30413","post","type-post","status-publish","format-standard","has-post-thumbnail","hentry","category-non-classifiee"],"acf":[],"yoast_head":"<!-- This site is optimized with the Yoast SEO plugin v27.4 - https:\/\/yoast.com\/product\/yoast-seo-wordpress\/ -->\n<title>Le projet BUILD, financ\u00e9 par l&#039;USAID, organisera un \u00e9v\u00e9nement parall\u00e8le sur les liens entre le changement climatique et la sant\u00e9 lors de la Semaine africaine du climat et du sommet - African Institute for Development Policy - AFIDEP<\/title>\n<meta name=\"robots\" content=\"index, follow, max-snippet:-1, max-image-preview:large, max-video-preview:-1\" \/>\n<link rel=\"canonical\" href=\"https:\/\/afidep.org\/fr\/le-projet-build-finance-par-lusaid-organisera-un-evenement-parallele-sur-les-liens-entre-le-changement-climatique-et-la-sante-lors-de-la-semaine-africaine-du-climat-et-du-sommet\/\" \/>\n<meta property=\"og:locale\" content=\"fr_FR\" \/>\n<meta property=\"og:type\" content=\"article\" \/>\n<meta property=\"og:title\" content=\"Le projet BUILD, financ\u00e9 par l&#039;USAID, organisera un \u00e9v\u00e9nement parall\u00e8le sur les liens entre le changement climatique et la sant\u00e9 lors de la Semaine africaine du climat et du sommet - African Institute for Development Policy - AFIDEP\" \/>\n<meta property=\"og:description\" content=\"Le projet de renforcement des capacit\u00e9s pour la planification familiale int\u00e9gr\u00e9e\/sant\u00e9 reproductive et l&rsquo;action en mati\u00e8re de population, d&rsquo;environnement et de d\u00e9veloppement (BUILD), financ\u00e9 par l&rsquo;USAID, organisera conjointement avec des partenaires un \u00e9v\u00e9nement parall\u00e8le lors de la Semaine africaine du climat et du sommet qui se tiendra du 4 au 8 septembre. \u00e0 Nairobi, au Kenya. L&rsquo;\u00e9v\u00e9nement parall\u00e8le du 7 septembre 2023 entre 17h et 18h l\u2019heure de l\u2019Afrique de l\u2019Est se concentrera sur le changement climatique et la sant\u00e9 et s&rsquo;appuie sur le fait que le changement climatique est une crise d\u00e9terminante pour notre g\u00e9n\u00e9ration et le d\u00e9veloppement durable. [&hellip;]\" \/>\n<meta property=\"og:url\" content=\"https:\/\/afidep.org\/fr\/le-projet-build-finance-par-lusaid-organisera-un-evenement-parallele-sur-les-liens-entre-le-changement-climatique-et-la-sante-lors-de-la-semaine-africaine-du-climat-et-du-sommet\/\" \/>\n<meta property=\"og:site_name\" content=\"African Institute for Development Policy - AFIDEP\" \/>\n<meta property=\"article:published_time\" content=\"2023-09-03T09:30:37+00:00\" \/>\n<meta property=\"article:modified_time\" content=\"2023-12-12T19:47:15+00:00\" \/>\n<meta property=\"og:image\" content=\"https:\/\/afidep.org\/wp-content\/uploads\/2023\/09\/Announcer-3-1.jpg\" \/>\n\t<meta property=\"og:image:width\" content=\"1763\" \/>\n\t<meta property=\"og:image:height\" content=\"1241\" \/>\n\t<meta property=\"og:image:type\" content=\"image\/jpeg\" \/>\n<meta name=\"author\" content=\"Venancious Tuor\" \/>\n<meta name=\"twitter:card\" content=\"summary_large_image\" \/>\n<meta name=\"twitter:label1\" content=\"\u00c9crit par\" \/>\n\t<meta name=\"twitter:data1\" content=\"Venancious Tuor\" \/>\n\t<meta name=\"twitter:label2\" content=\"Dur\u00e9e de lecture estim\u00e9e\" \/>\n\t<meta name=\"twitter:data2\" content=\"3 minutes\" \/>\n<script type=\"application\/ld+json\" class=\"yoast-schema-graph\">{\"@context\":\"https:\\\/\\\/schema.org\",\"@graph\":[{\"@type\":\"Article\",\"@id\":\"https:\\\/\\\/afidep.org\\\/fr\\\/le-projet-build-finance-par-lusaid-organisera-un-evenement-parallele-sur-les-liens-entre-le-changement-climatique-et-la-sante-lors-de-la-semaine-africaine-du-climat-et-du-sommet\\\/#article\",\"isPartOf\":{\"@id\":\"https:\\\/\\\/afidep.org\\\/fr\\\/le-projet-build-finance-par-lusaid-organisera-un-evenement-parallele-sur-les-liens-entre-le-changement-climatique-et-la-sante-lors-de-la-semaine-africaine-du-climat-et-du-sommet\\\/\"},\"author\":{\"name\":\"Venancious Tuor\",\"@id\":\"https:\\\/\\\/afidep.org\\\/fr\\\/#\\\/schema\\\/person\\\/322fdf42e023744430bbe44233ec1af1\"},\"headline\":\"Le projet BUILD, financ\u00e9 par l&rsquo;USAID, organisera un \u00e9v\u00e9nement parall\u00e8le sur les liens entre le changement climatique et la sant\u00e9 lors de la Semaine africaine du climat et du sommet\",\"datePublished\":\"2023-09-03T09:30:37+00:00\",\"dateModified\":\"2023-12-12T19:47:15+00:00\",\"mainEntityOfPage\":{\"@id\":\"https:\\\/\\\/afidep.org\\\/fr\\\/le-projet-build-finance-par-lusaid-organisera-un-evenement-parallele-sur-les-liens-entre-le-changement-climatique-et-la-sante-lors-de-la-semaine-africaine-du-climat-et-du-sommet\\\/\"},\"wordCount\":617,\"image\":{\"@id\":\"https:\\\/\\\/afidep.org\\\/fr\\\/le-projet-build-finance-par-lusaid-organisera-un-evenement-parallele-sur-les-liens-entre-le-changement-climatique-et-la-sante-lors-de-la-semaine-africaine-du-climat-et-du-sommet\\\/#primaryimage\"},\"thumbnailUrl\":\"https:\\\/\\\/afidep.org\\\/wp-content\\\/uploads\\\/2023\\\/09\\\/Announcer-3-1.jpg\",\"articleSection\":[\"Non classifi\u00e9(e)\"],\"inLanguage\":\"fr-FR\"},{\"@type\":\"WebPage\",\"@id\":\"https:\\\/\\\/afidep.org\\\/fr\\\/le-projet-build-finance-par-lusaid-organisera-un-evenement-parallele-sur-les-liens-entre-le-changement-climatique-et-la-sante-lors-de-la-semaine-africaine-du-climat-et-du-sommet\\\/\",\"url\":\"https:\\\/\\\/afidep.org\\\/fr\\\/le-projet-build-finance-par-lusaid-organisera-un-evenement-parallele-sur-les-liens-entre-le-changement-climatique-et-la-sante-lors-de-la-semaine-africaine-du-climat-et-du-sommet\\\/\",\"name\":\"Le projet BUILD, financ\u00e9 par l'USAID, organisera un \u00e9v\u00e9nement parall\u00e8le sur les liens entre le changement climatique et la sant\u00e9 lors de la Semaine africaine du climat et du sommet - African Institute for Development Policy - AFIDEP\",\"isPartOf\":{\"@id\":\"https:\\\/\\\/afidep.org\\\/fr\\\/#website\"},\"primaryImageOfPage\":{\"@id\":\"https:\\\/\\\/afidep.org\\\/fr\\\/le-projet-build-finance-par-lusaid-organisera-un-evenement-parallele-sur-les-liens-entre-le-changement-climatique-et-la-sante-lors-de-la-semaine-africaine-du-climat-et-du-sommet\\\/#primaryimage\"},\"image\":{\"@id\":\"https:\\\/\\\/afidep.org\\\/fr\\\/le-projet-build-finance-par-lusaid-organisera-un-evenement-parallele-sur-les-liens-entre-le-changement-climatique-et-la-sante-lors-de-la-semaine-africaine-du-climat-et-du-sommet\\\/#primaryimage\"},\"thumbnailUrl\":\"https:\\\/\\\/afidep.org\\\/wp-content\\\/uploads\\\/2023\\\/09\\\/Announcer-3-1.jpg\",\"datePublished\":\"2023-09-03T09:30:37+00:00\",\"dateModified\":\"2023-12-12T19:47:15+00:00\",\"author\":{\"@id\":\"https:\\\/\\\/afidep.org\\\/fr\\\/#\\\/schema\\\/person\\\/322fdf42e023744430bbe44233ec1af1\"},\"breadcrumb\":{\"@id\":\"https:\\\/\\\/afidep.org\\\/fr\\\/le-projet-build-finance-par-lusaid-organisera-un-evenement-parallele-sur-les-liens-entre-le-changement-climatique-et-la-sante-lors-de-la-semaine-africaine-du-climat-et-du-sommet\\\/#breadcrumb\"},\"inLanguage\":\"fr-FR\",\"potentialAction\":[{\"@type\":\"ReadAction\",\"target\":[\"https:\\\/\\\/afidep.org\\\/fr\\\/le-projet-build-finance-par-lusaid-organisera-un-evenement-parallele-sur-les-liens-entre-le-changement-climatique-et-la-sante-lors-de-la-semaine-africaine-du-climat-et-du-sommet\\\/\"]}]},{\"@type\":\"ImageObject\",\"inLanguage\":\"fr-FR\",\"@id\":\"https:\\\/\\\/afidep.org\\\/fr\\\/le-projet-build-finance-par-lusaid-organisera-un-evenement-parallele-sur-les-liens-entre-le-changement-climatique-et-la-sante-lors-de-la-semaine-africaine-du-climat-et-du-sommet\\\/#primaryimage\",\"url\":\"https:\\\/\\\/afidep.org\\\/wp-content\\\/uploads\\\/2023\\\/09\\\/Announcer-3-1.jpg\",\"contentUrl\":\"https:\\\/\\\/afidep.org\\\/wp-content\\\/uploads\\\/2023\\\/09\\\/Announcer-3-1.jpg\",\"width\":1763,\"height\":1241},{\"@type\":\"BreadcrumbList\",\"@id\":\"https:\\\/\\\/afidep.org\\\/fr\\\/le-projet-build-finance-par-lusaid-organisera-un-evenement-parallele-sur-les-liens-entre-le-changement-climatique-et-la-sante-lors-de-la-semaine-africaine-du-climat-et-du-sommet\\\/#breadcrumb\",\"itemListElement\":[{\"@type\":\"ListItem\",\"position\":1,\"name\":\"Home\",\"item\":\"https:\\\/\\\/afidep.org\\\/fr\\\/\"},{\"@type\":\"ListItem\",\"position\":2,\"name\":\"Le projet BUILD, financ\u00e9 par l&rsquo;USAID, organisera un \u00e9v\u00e9nement parall\u00e8le sur les liens entre le changement climatique et la sant\u00e9 lors de la Semaine africaine du climat et du sommet\"}]},{\"@type\":\"WebSite\",\"@id\":\"https:\\\/\\\/afidep.org\\\/fr\\\/#website\",\"url\":\"https:\\\/\\\/afidep.org\\\/fr\\\/\",\"name\":\"African Institute for Development Policy - AFIDEP\",\"description\":\"Bridging Development Research, Policy &amp; Practice\",\"potentialAction\":[{\"@type\":\"SearchAction\",\"target\":{\"@type\":\"EntryPoint\",\"urlTemplate\":\"https:\\\/\\\/afidep.org\\\/fr\\\/?s={search_term_string}\"},\"query-input\":{\"@type\":\"PropertyValueSpecification\",\"valueRequired\":true,\"valueName\":\"search_term_string\"}}],\"inLanguage\":\"fr-FR\"},{\"@type\":\"Person\",\"@id\":\"https:\\\/\\\/afidep.org\\\/fr\\\/#\\\/schema\\\/person\\\/322fdf42e023744430bbe44233ec1af1\",\"name\":\"Venancious Tuor\",\"image\":{\"@type\":\"ImageObject\",\"inLanguage\":\"fr-FR\",\"@id\":\"https:\\\/\\\/secure.gravatar.com\\\/avatar\\\/9c297d61f7bc6c9f547c5b3f5a25a7d6265b9e809bb77143bdfdce479c0d5152?s=96&d=mm&r=g\",\"url\":\"https:\\\/\\\/secure.gravatar.com\\\/avatar\\\/9c297d61f7bc6c9f547c5b3f5a25a7d6265b9e809bb77143bdfdce479c0d5152?s=96&d=mm&r=g\",\"contentUrl\":\"https:\\\/\\\/secure.gravatar.com\\\/avatar\\\/9c297d61f7bc6c9f547c5b3f5a25a7d6265b9e809bb77143bdfdce479c0d5152?s=96&d=mm&r=g\",\"caption\":\"Venancious Tuor\"}}]}<\/script>\n<!-- \/ Yoast SEO plugin. -->","yoast_head_json":{"title":"Le projet BUILD, financ\u00e9 par l'USAID, organisera un \u00e9v\u00e9nement parall\u00e8le sur les liens entre le changement climatique et la sant\u00e9 lors de la Semaine africaine du climat et du sommet - African Institute for Development Policy - AFIDEP","robots":{"index":"index","follow":"follow","max-snippet":"max-snippet:-1","max-image-preview":"max-image-preview:large","max-video-preview":"max-video-preview:-1"},"canonical":"https:\/\/afidep.org\/fr\/le-projet-build-finance-par-lusaid-organisera-un-evenement-parallele-sur-les-liens-entre-le-changement-climatique-et-la-sante-lors-de-la-semaine-africaine-du-climat-et-du-sommet\/","og_locale":"fr_FR","og_type":"article","og_title":"Le projet BUILD, financ\u00e9 par l'USAID, organisera un \u00e9v\u00e9nement parall\u00e8le sur les liens entre le changement climatique et la sant\u00e9 lors de la Semaine africaine du climat et du sommet - African Institute for Development Policy - AFIDEP","og_description":"Le projet de renforcement des capacit\u00e9s pour la planification familiale int\u00e9gr\u00e9e\/sant\u00e9 reproductive et l&rsquo;action en mati\u00e8re de population, d&rsquo;environnement et de d\u00e9veloppement (BUILD), financ\u00e9 par l&rsquo;USAID, organisera conjointement avec des partenaires un \u00e9v\u00e9nement parall\u00e8le lors de la Semaine africaine du climat et du sommet qui se tiendra du 4 au 8 septembre. \u00e0 Nairobi, au Kenya. L&rsquo;\u00e9v\u00e9nement parall\u00e8le du 7 septembre 2023 entre 17h et 18h l\u2019heure de l\u2019Afrique de l\u2019Est se concentrera sur le changement climatique et la sant\u00e9 et s&rsquo;appuie sur le fait que le changement climatique est une crise d\u00e9terminante pour notre g\u00e9n\u00e9ration et le d\u00e9veloppement durable. [&hellip;]","og_url":"https:\/\/afidep.org\/fr\/le-projet-build-finance-par-lusaid-organisera-un-evenement-parallele-sur-les-liens-entre-le-changement-climatique-et-la-sante-lors-de-la-semaine-africaine-du-climat-et-du-sommet\/","og_site_name":"African Institute for Development Policy - AFIDEP","article_published_time":"2023-09-03T09:30:37+00:00","article_modified_time":"2023-12-12T19:47:15+00:00","og_image":[{"width":1763,"height":1241,"url":"https:\/\/afidep.org\/wp-content\/uploads\/2023\/09\/Announcer-3-1.jpg","type":"image\/jpeg"}],"author":"Venancious Tuor","twitter_card":"summary_large_image","twitter_misc":{"\u00c9crit par":"Venancious Tuor","Dur\u00e9e de lecture estim\u00e9e":"3 minutes"},"schema":{"@context":"https:\/\/schema.org","@graph":[{"@type":"Article","@id":"https:\/\/afidep.org\/fr\/le-projet-build-finance-par-lusaid-organisera-un-evenement-parallele-sur-les-liens-entre-le-changement-climatique-et-la-sante-lors-de-la-semaine-africaine-du-climat-et-du-sommet\/#article","isPartOf":{"@id":"https:\/\/afidep.org\/fr\/le-projet-build-finance-par-lusaid-organisera-un-evenement-parallele-sur-les-liens-entre-le-changement-climatique-et-la-sante-lors-de-la-semaine-africaine-du-climat-et-du-sommet\/"},"author":{"name":"Venancious Tuor","@id":"https:\/\/afidep.org\/fr\/#\/schema\/person\/322fdf42e023744430bbe44233ec1af1"},"headline":"Le projet BUILD, financ\u00e9 par l&rsquo;USAID, organisera un \u00e9v\u00e9nement parall\u00e8le sur les liens entre le changement climatique et la sant\u00e9 lors de la Semaine africaine du climat et du sommet","datePublished":"2023-09-03T09:30:37+00:00","dateModified":"2023-12-12T19:47:15+00:00","mainEntityOfPage":{"@id":"https:\/\/afidep.org\/fr\/le-projet-build-finance-par-lusaid-organisera-un-evenement-parallele-sur-les-liens-entre-le-changement-climatique-et-la-sante-lors-de-la-semaine-africaine-du-climat-et-du-sommet\/"},"wordCount":617,"image":{"@id":"https:\/\/afidep.org\/fr\/le-projet-build-finance-par-lusaid-organisera-un-evenement-parallele-sur-les-liens-entre-le-changement-climatique-et-la-sante-lors-de-la-semaine-africaine-du-climat-et-du-sommet\/#primaryimage"},"thumbnailUrl":"https:\/\/afidep.org\/wp-content\/uploads\/2023\/09\/Announcer-3-1.jpg","articleSection":["Non classifi\u00e9(e)"],"inLanguage":"fr-FR"},{"@type":"WebPage","@id":"https:\/\/afidep.org\/fr\/le-projet-build-finance-par-lusaid-organisera-un-evenement-parallele-sur-les-liens-entre-le-changement-climatique-et-la-sante-lors-de-la-semaine-africaine-du-climat-et-du-sommet\/","url":"https:\/\/afidep.org\/fr\/le-projet-build-finance-par-lusaid-organisera-un-evenement-parallele-sur-les-liens-entre-le-changement-climatique-et-la-sante-lors-de-la-semaine-africaine-du-climat-et-du-sommet\/","name":"Le projet BUILD, financ\u00e9 par l'USAID, organisera un \u00e9v\u00e9nement parall\u00e8le sur les liens entre le changement climatique et la sant\u00e9 lors de la Semaine africaine du climat et du sommet - African Institute for Development Policy - AFIDEP","isPartOf":{"@id":"https:\/\/afidep.org\/fr\/#website"},"primaryImageOfPage":{"@id":"https:\/\/afidep.org\/fr\/le-projet-build-finance-par-lusaid-organisera-un-evenement-parallele-sur-les-liens-entre-le-changement-climatique-et-la-sante-lors-de-la-semaine-africaine-du-climat-et-du-sommet\/#primaryimage"},"image":{"@id":"https:\/\/afidep.org\/fr\/le-projet-build-finance-par-lusaid-organisera-un-evenement-parallele-sur-les-liens-entre-le-changement-climatique-et-la-sante-lors-de-la-semaine-africaine-du-climat-et-du-sommet\/#primaryimage"},"thumbnailUrl":"https:\/\/afidep.org\/wp-content\/uploads\/2023\/09\/Announcer-3-1.jpg","datePublished":"2023-09-03T09:30:37+00:00","dateModified":"2023-12-12T19:47:15+00:00","author":{"@id":"https:\/\/afidep.org\/fr\/#\/schema\/person\/322fdf42e023744430bbe44233ec1af1"},"breadcrumb":{"@id":"https:\/\/afidep.org\/fr\/le-projet-build-finance-par-lusaid-organisera-un-evenement-parallele-sur-les-liens-entre-le-changement-climatique-et-la-sante-lors-de-la-semaine-africaine-du-climat-et-du-sommet\/#breadcrumb"},"inLanguage":"fr-FR","potentialAction":[{"@type":"ReadAction","target":["https:\/\/afidep.org\/fr\/le-projet-build-finance-par-lusaid-organisera-un-evenement-parallele-sur-les-liens-entre-le-changement-climatique-et-la-sante-lors-de-la-semaine-africaine-du-climat-et-du-sommet\/"]}]},{"@type":"ImageObject","inLanguage":"fr-FR","@id":"https:\/\/afidep.org\/fr\/le-projet-build-finance-par-lusaid-organisera-un-evenement-parallele-sur-les-liens-entre-le-changement-climatique-et-la-sante-lors-de-la-semaine-africaine-du-climat-et-du-sommet\/#primaryimage","url":"https:\/\/afidep.org\/wp-content\/uploads\/2023\/09\/Announcer-3-1.jpg","contentUrl":"https:\/\/afidep.org\/wp-content\/uploads\/2023\/09\/Announcer-3-1.jpg","width":1763,"height":1241},{"@type":"BreadcrumbList","@id":"https:\/\/afidep.org\/fr\/le-projet-build-finance-par-lusaid-organisera-un-evenement-parallele-sur-les-liens-entre-le-changement-climatique-et-la-sante-lors-de-la-semaine-africaine-du-climat-et-du-sommet\/#breadcrumb","itemListElement":[{"@type":"ListItem","position":1,"name":"Home","item":"https:\/\/afidep.org\/fr\/"},{"@type":"ListItem","position":2,"name":"Le projet BUILD, financ\u00e9 par l&rsquo;USAID, organisera un \u00e9v\u00e9nement parall\u00e8le sur les liens entre le changement climatique et la sant\u00e9 lors de la Semaine africaine du climat et du sommet"}]},{"@type":"WebSite","@id":"https:\/\/afidep.org\/fr\/#website","url":"https:\/\/afidep.org\/fr\/","name":"African Institute for Development Policy - AFIDEP","description":"Bridging Development Research, Policy &amp; Practice","potentialAction":[{"@type":"SearchAction","target":{"@type":"EntryPoint","urlTemplate":"https:\/\/afidep.org\/fr\/?s={search_term_string}"},"query-input":{"@type":"PropertyValueSpecification","valueRequired":true,"valueName":"search_term_string"}}],"inLanguage":"fr-FR"},{"@type":"Person","@id":"https:\/\/afidep.org\/fr\/#\/schema\/person\/322fdf42e023744430bbe44233ec1af1","name":"Venancious Tuor","image":{"@type":"ImageObject","inLanguage":"fr-FR","@id":"https:\/\/secure.gravatar.com\/avatar\/9c297d61f7bc6c9f547c5b3f5a25a7d6265b9e809bb77143bdfdce479c0d5152?s=96&d=mm&r=g","url":"https:\/\/secure.gravatar.com\/avatar\/9c297d61f7bc6c9f547c5b3f5a25a7d6265b9e809bb77143bdfdce479c0d5152?s=96&d=mm&r=g","contentUrl":"https:\/\/secure.gravatar.com\/avatar\/9c297d61f7bc6c9f547c5b3f5a25a7d6265b9e809bb77143bdfdce479c0d5152?s=96&d=mm&r=g","caption":"Venancious Tuor"}}]}},"_links":{"self":[{"href":"https:\/\/afidep.org\/fr\/wp-json\/wp\/v2\/posts\/30413","targetHints":{"allow":["GET"]}}],"collection":[{"href":"https:\/\/afidep.org\/fr\/wp-json\/wp\/v2\/posts"}],"about":[{"href":"https:\/\/afidep.org\/fr\/wp-json\/wp\/v2\/types\/post"}],"author":[{"embeddable":true,"href":"https:\/\/afidep.org\/fr\/wp-json\/wp\/v2\/users\/20"}],"replies":[{"embeddable":true,"href":"https:\/\/afidep.org\/fr\/wp-json\/wp\/v2\/comments?post=30413"}],"version-history":[{"count":1,"href":"https:\/\/afidep.org\/fr\/wp-json\/wp\/v2\/posts\/30413\/revisions"}],"predecessor-version":[{"id":31316,"href":"https:\/\/afidep.org\/fr\/wp-json\/wp\/v2\/posts\/30413\/revisions\/31316"}],"wp:featuredmedia":[{"embeddable":true,"href":"https:\/\/afidep.org\/fr\/wp-json\/wp\/v2\/media\/30361"}],"wp:attachment":[{"href":"https:\/\/afidep.org\/fr\/wp-json\/wp\/v2\/media?parent=30413"}],"wp:term":[{"taxonomy":"category","embeddable":true,"href":"https:\/\/afidep.org\/fr\/wp-json\/wp\/v2\/categories?post=30413"},{"taxonomy":"post_tag","embeddable":true,"href":"https:\/\/afidep.org\/fr\/wp-json\/wp\/v2\/tags?post=30413"},{"taxonomy":"programme","embeddable":true,"href":"https:\/\/afidep.org\/fr\/wp-json\/wp\/v2\/programme?post=30413"},{"taxonomy":"country","embeddable":true,"href":"https:\/\/afidep.org\/fr\/wp-json\/wp\/v2\/country?post=30413"},{"taxonomy":"cop26","embeddable":true,"href":"https:\/\/afidep.org\/fr\/wp-json\/wp\/v2\/cop26?post=30413"}],"curies":[{"name":"wp","href":"https:\/\/api.w.org\/{rel}","templated":true}]}}