{"id":30427,"date":"2023-09-07T11:10:38","date_gmt":"2023-09-07T08:10:38","guid":{"rendered":"https:\/\/www.afidep.org\/?p=30427"},"modified":"2023-12-12T22:46:58","modified_gmt":"2023-12-12T19:46:58","slug":"les-chefs-du-malawi-sengagent-lors-du-tout-premier-forum-national-en-faveur-de-la-gestion-des-ressources-naturelles-et-de-la-transition-vers-une-agriculture-et-des-moyens-de-subsistance-durables","status":"publish","type":"post","link":"https:\/\/afidep.org\/fr\/les-chefs-du-malawi-sengagent-lors-du-tout-premier-forum-national-en-faveur-de-la-gestion-des-ressources-naturelles-et-de-la-transition-vers-une-agriculture-et-des-moyens-de-subsistance-durables\/","title":{"rendered":"Les chefs du Malawi s&rsquo;engagent lors du tout premier forum national en faveur de la gestion des ressources naturelles et de la transition vers une agriculture et des moyens de subsistance durables"},"content":{"rendered":"<p>Tous les chefs supr\u00eames, hauts chefs et autorit\u00e9s traditionnelles du Malawi, dans un appel \u00e0 l&rsquo;action sign\u00e9 \u00e0 la suite du tout premier \u00ab Forum national des chefs sur la gestion int\u00e9gr\u00e9e des ressources naturelles et la transition vers une agriculture et des moyens de subsistance durables au Malawi \u00bb les 30 et 31 ao\u00fbt 2023, engag\u00e9 \u00e0 prot\u00e9ger les for\u00eats, \u00e0 mettre fin \u00e0 la p\u00eache et au commerce ill\u00e9gaux d\u2019esp\u00e8ces sauvages et \u00e0 soutenir des pratiques agricoles durables pour garantir la s\u00e9curit\u00e9 alimentaire.<\/p>\n<p>Le forum a \u00e9t\u00e9 organis\u00e9 par le Minist\u00e8re des Ressources naturelles et du Changement climatique, en collaboration avec le Minist\u00e8re du Gouvernement local, de l&rsquo;Unit\u00e9 et de la Culture. Il a re\u00e7u le soutien financier et technique du Minist\u00e8re f\u00e9d\u00e9ral allemand de l&rsquo;Environnement, de la Conservation de la nature, de la s\u00fbret\u00e9 nucl\u00e9aire et de la protection des consommateurs (BMUV), de l&rsquo;Union internationale pour la conservation de la nature (UICN), de la GIZ et du projet BUILD financ\u00e9 par l&rsquo;USAID (repr\u00e9sent\u00e9 par Leadership pour l\u2019environnement et le d\u00e9veloppement en Afrique australe et orientale \u2013 LEAD SEA et Institut africain pour les politiques de d\u00e9veloppement \u2013 AFIDEP), entre autres partenaires.<\/p>\n<p>\u00ab En tant que gestionnaires des ressources naturelles et de la culture, nous reconnaissons l\u2019interd\u00e9pendance de la population, de la sant\u00e9, de l\u2019environnement et du d\u00e9veloppement durable. Nous nous engageons \u00e0 encourager une gestion renouvel\u00e9e et prudente des ressources naturelles afin d\u2019am\u00e9liorer les services \u00e9cosyst\u00e9miques durables et la r\u00e9silience au changement climatique \u00bb, note l\u2019appel \u00e0 l\u2019action.<\/p>\n<p>Au cours des discussions au cours des deux jours, les chefs ont d\u00e9crit les moyens de sensibiliser et de mobiliser leurs communaut\u00e9s sur les moyens d&rsquo;utiliser de mani\u00e8re durable les ressources naturelles et de se pr\u00e9munir contre le vandalisme, d&rsquo;\u00e9tablir des r\u00e8glements appropri\u00e9s qui soutiennent les pratiques durables pour une meilleure gestion des ressources naturelles et d&rsquo;int\u00e9grer des mesures intersectorielles et des strat\u00e9gies qui s\u2019attaquent \u00e0 la croissance d\u00e9mographique et aux in\u00e9galit\u00e9s entre les sexes.<\/p>\n<p>Le Dr Eliya Zulu, Directeur ex\u00e9cutif de l&rsquo;AFIDEP, a not\u00e9 que le forum repr\u00e9sente un progr\u00e8s significatif vers la favorisation de la collaboration et l&rsquo;autonomisation des communaut\u00e9s en permettant aux chefs de faire partie int\u00e9grante du processus de d\u00e9veloppement du Malawi. \u00ab Les chefs doivent aller au-del\u00e0 du simple fait d&rsquo;\u00eatre inform\u00e9s ou contact\u00e9s lorsque les programmes sont mis en \u0153uvre ; ils doivent d\u00e9finir, s&rsquo;approprier et diriger le processus de d\u00e9veloppement. Ce changement est essentiel pour traduire les politiques en un d\u00e9veloppement ayant un impact sur le terrain \u00bb, a-t-il affirm\u00e9.<\/p>\n<p>Les experts de LEAD SEA et de l&rsquo;AFIDEP ont organis\u00e9 un atelier d&rsquo;une demi-journ\u00e9e dans le cadre des activit\u00e9s du forum, au cours duquel des chefs supr\u00eames et de haut rang s\u00e9lectionn\u00e9s ont engag\u00e9 des discussions approfondies sur les moyens de concr\u00e9tiser leurs engagements et les conditions requises pour y parvenir. Cela impliquait de comprendre et d\u2019explorer des approches intersectorielles et syst\u00e9miques qui int\u00e8grent les questions de population, de sant\u00e9 et de d\u00e9veloppement dans le contexte plus large de la gestion des ressources naturelles pour la r\u00e9silience climatique et les moyens de subsistance durables.<\/p>\n<p>Le professeur Sosten Chiotha, Directeur r\u00e9gional de LEAD SEA, qui a pr\u00e9sid\u00e9 le comit\u00e9 de planification de l&rsquo;\u00e9v\u00e9nement, a d\u00e9clar\u00e9 que nous devons avoir une approche int\u00e9gr\u00e9e de la gestion des ressources naturelles : \u00ab De nombreux documents gouvernementaux, \u00e0 commencer par le Plan d&rsquo;action national pour l&rsquo;environnement de 1994, ont cit\u00e9 la population comme l\u2019un des facteurs qui cr\u00e9ent des pressions en faveur de la d\u00e9gradation de l\u2019environnement. Le gouvernement a r\u00e9cemment lanc\u00e9 une politique d\u00e9mographique, qui guide la mani\u00e8re dont nous pouvons g\u00e9rer la population en termes d\u2019int\u00e9gration de la gestion naturelle avec la sant\u00e9 reproductive et la planification familiale volontaire.<\/p>\n<p>Il a en outre d\u00e9clar\u00e9 qu&rsquo;il existe un besoin crucial d&rsquo;autonomiser les filles et les femmes, comme par exemple la violence sexiste et le manque d&rsquo;\u00e9ducation qui se manifestent lors d&rsquo;\u00e9v\u00e9nements m\u00e9t\u00e9orologiques extr\u00eames qui affectent la productivit\u00e9 agricole et la s\u00e9curit\u00e9 alimentaire. Des strat\u00e9gies intersectorielles dans les plans nationaux d\u2019adaptation et d\u2019att\u00e9nuation du changement climatique pour aborder ces liens sont donc essentielles.<\/p>\n<p>Le chef principal Kalumbu, repr\u00e9sentant le district de Lilongwe, a salu\u00e9 les engagements comme \u00e9tant tr\u00e8s productifs, soulignant que le forum offrait une plate-forme unique permettant aux chefs de relever leurs d\u00e9fis en mati\u00e8re de gestion des ressources naturelles et d&rsquo;\u00e9laborer des solutions de mani\u00e8re ind\u00e9pendante. \u00ab En tant que chefs, nous avons discut\u00e9 de ce qui se passe dans nos communaut\u00e9s ; nous avons identifi\u00e9 \u00e0 la fois les d\u00e9fis et les solutions ; et nous avons d\u00e9lib\u00e9r\u00e9 sur des actions concr\u00e8tes pour relever ces d\u00e9fis \u00e0 notre retour, avec des plans d&rsquo;action \u00e9labor\u00e9s par nous \u00bb, a-t-il affirm\u00e9.<\/p>\n<p>Consid\u00e9r\u00e9s comme les gardiens d\u2019un certain nombre d\u2019\u00e9l\u00e9ments socio-\u00e9conomiques dans leurs communaut\u00e9s, les chefs facilitent la fourniture de biens communaux et l\u2019application des pratiques communautaires. On esp\u00e8re que le forum renforcera les structures locales et conduira \u00e0 une meilleure gouvernance des for\u00eats et des ressources naturelles \u00e0 travers le pays pour la sant\u00e9 et le bien-\u00eatre de tous.<\/p>\n<p>&nbsp;<\/p>\n<p><strong>Li\u00e9 \u00e0<\/strong>\u00a0: <a href=\"https:\/\/afidep.org\/fr\/programme\/build-fr\/\">BUILD<\/a> (<a href=\"https:\/\/afidep.org\/fr\/programme\/build-fr\/\">Renforcement des capacit\u00e9s en mati\u00e8re de planification familiale int\u00e9gr\u00e9e\/sant\u00e9 reproductive et d&rsquo;action en mati\u00e8re de population, d&rsquo;environnement et de d\u00e9veloppement<\/a>)<\/p>\n","protected":false},"excerpt":{"rendered":"<p>Tous les chefs supr\u00eames, hauts chefs et autorit\u00e9s traditionnelles du Malawi, dans un appel \u00e0 l&rsquo;action sign\u00e9 \u00e0 la suite du tout premier \u00ab Forum national des chefs sur la gestion int\u00e9gr\u00e9e des ressources naturelles et la transition vers une agriculture et des moyens de subsistance durables au Malawi \u00bb les 30 et 31 ao\u00fbt 2023, engag\u00e9 \u00e0 prot\u00e9ger les for\u00eats, \u00e0 mettre fin \u00e0 la p\u00eache et au commerce ill\u00e9gaux d\u2019esp\u00e8ces sauvages et \u00e0 soutenir des pratiques agricoles durables pour garantir la s\u00e9curit\u00e9 alimentaire. Le forum a \u00e9t\u00e9 organis\u00e9 par le Minist\u00e8re des Ressources naturelles et du Changement climatique, [&hellip;]<\/p>\n","protected":false},"author":20,"featured_media":30411,"comment_status":"closed","ping_status":"open","sticky":false,"template":"","format":"standard","meta":{"_acf_changed":false,"give_campaign_id":0,"inline_featured_image":false,"footnotes":""},"categories":[2400],"tags":[],"programme":[],"country":[],"cop26":[],"class_list":["post-30427","post","type-post","status-publish","format-standard","has-post-thumbnail","hentry","category-non-classifiee"],"acf":[],"yoast_head":"<!-- This site is optimized with the Yoast SEO plugin v27.4 - https:\/\/yoast.com\/product\/yoast-seo-wordpress\/ -->\n<title>Les chefs du Malawi s&#039;engagent lors du tout premier forum national en faveur de la gestion des ressources naturelles et de la transition vers une agriculture et des moyens de subsistance durables - African Institute for Development Policy - AFIDEP<\/title>\n<meta name=\"robots\" content=\"index, follow, max-snippet:-1, max-image-preview:large, max-video-preview:-1\" \/>\n<link rel=\"canonical\" href=\"https:\/\/afidep.org\/fr\/les-chefs-du-malawi-sengagent-lors-du-tout-premier-forum-national-en-faveur-de-la-gestion-des-ressources-naturelles-et-de-la-transition-vers-une-agriculture-et-des-moyens-de-subsistance-durables\/\" \/>\n<meta property=\"og:locale\" content=\"fr_FR\" \/>\n<meta property=\"og:type\" content=\"article\" \/>\n<meta property=\"og:title\" content=\"Les chefs du Malawi s&#039;engagent lors du tout premier forum national en faveur de la gestion des ressources naturelles et de la transition vers une agriculture et des moyens de subsistance durables - African Institute for Development Policy - AFIDEP\" \/>\n<meta property=\"og:description\" content=\"Tous les chefs supr\u00eames, hauts chefs et autorit\u00e9s traditionnelles du Malawi, dans un appel \u00e0 l&rsquo;action sign\u00e9 \u00e0 la suite du tout premier \u00ab Forum national des chefs sur la gestion int\u00e9gr\u00e9e des ressources naturelles et la transition vers une agriculture et des moyens de subsistance durables au Malawi \u00bb les 30 et 31 ao\u00fbt 2023, engag\u00e9 \u00e0 prot\u00e9ger les for\u00eats, \u00e0 mettre fin \u00e0 la p\u00eache et au commerce ill\u00e9gaux d\u2019esp\u00e8ces sauvages et \u00e0 soutenir des pratiques agricoles durables pour garantir la s\u00e9curit\u00e9 alimentaire. Le forum a \u00e9t\u00e9 organis\u00e9 par le Minist\u00e8re des Ressources naturelles et du Changement climatique, [&hellip;]\" \/>\n<meta property=\"og:url\" content=\"https:\/\/afidep.org\/fr\/les-chefs-du-malawi-sengagent-lors-du-tout-premier-forum-national-en-faveur-de-la-gestion-des-ressources-naturelles-et-de-la-transition-vers-une-agriculture-et-des-moyens-de-subsistance-durables\/\" \/>\n<meta property=\"og:site_name\" content=\"African Institute for Development Policy - AFIDEP\" \/>\n<meta property=\"article:published_time\" content=\"2023-09-07T08:10:38+00:00\" \/>\n<meta property=\"article:modified_time\" content=\"2023-12-12T19:46:58+00:00\" \/>\n<meta name=\"author\" content=\"Venancious Tuor\" \/>\n<meta name=\"twitter:card\" content=\"summary_large_image\" \/>\n<meta name=\"twitter:label1\" content=\"\u00c9crit par\" \/>\n\t<meta name=\"twitter:data1\" content=\"Venancious Tuor\" \/>\n\t<meta name=\"twitter:label2\" content=\"Dur\u00e9e de lecture estim\u00e9e\" \/>\n\t<meta name=\"twitter:data2\" content=\"4 minutes\" \/>\n<script type=\"application\/ld+json\" class=\"yoast-schema-graph\">{\"@context\":\"https:\\\/\\\/schema.org\",\"@graph\":[{\"@type\":\"Article\",\"@id\":\"https:\\\/\\\/afidep.org\\\/fr\\\/les-chefs-du-malawi-sengagent-lors-du-tout-premier-forum-national-en-faveur-de-la-gestion-des-ressources-naturelles-et-de-la-transition-vers-une-agriculture-et-des-moyens-de-subsistance-durables\\\/#article\",\"isPartOf\":{\"@id\":\"https:\\\/\\\/afidep.org\\\/fr\\\/les-chefs-du-malawi-sengagent-lors-du-tout-premier-forum-national-en-faveur-de-la-gestion-des-ressources-naturelles-et-de-la-transition-vers-une-agriculture-et-des-moyens-de-subsistance-durables\\\/\"},\"author\":{\"name\":\"Venancious Tuor\",\"@id\":\"https:\\\/\\\/afidep.org\\\/fr\\\/#\\\/schema\\\/person\\\/322fdf42e023744430bbe44233ec1af1\"},\"headline\":\"Les chefs du Malawi s&rsquo;engagent lors du tout premier forum national en faveur de la gestion des ressources naturelles et de la transition vers une agriculture et des moyens de subsistance durables\",\"datePublished\":\"2023-09-07T08:10:38+00:00\",\"dateModified\":\"2023-12-12T19:46:58+00:00\",\"mainEntityOfPage\":{\"@id\":\"https:\\\/\\\/afidep.org\\\/fr\\\/les-chefs-du-malawi-sengagent-lors-du-tout-premier-forum-national-en-faveur-de-la-gestion-des-ressources-naturelles-et-de-la-transition-vers-une-agriculture-et-des-moyens-de-subsistance-durables\\\/\"},\"wordCount\":989,\"image\":{\"@id\":\"https:\\\/\\\/afidep.org\\\/fr\\\/les-chefs-du-malawi-sengagent-lors-du-tout-premier-forum-national-en-faveur-de-la-gestion-des-ressources-naturelles-et-de-la-transition-vers-une-agriculture-et-des-moyens-de-subsistance-durables\\\/#primaryimage\"},\"thumbnailUrl\":\"\",\"articleSection\":[\"Non classifi\u00e9(e)\"],\"inLanguage\":\"fr-FR\"},{\"@type\":\"WebPage\",\"@id\":\"https:\\\/\\\/afidep.org\\\/fr\\\/les-chefs-du-malawi-sengagent-lors-du-tout-premier-forum-national-en-faveur-de-la-gestion-des-ressources-naturelles-et-de-la-transition-vers-une-agriculture-et-des-moyens-de-subsistance-durables\\\/\",\"url\":\"https:\\\/\\\/afidep.org\\\/fr\\\/les-chefs-du-malawi-sengagent-lors-du-tout-premier-forum-national-en-faveur-de-la-gestion-des-ressources-naturelles-et-de-la-transition-vers-une-agriculture-et-des-moyens-de-subsistance-durables\\\/\",\"name\":\"Les chefs du Malawi s'engagent lors du tout premier forum national en faveur de la gestion des ressources naturelles et de la transition vers une agriculture et des moyens de subsistance durables - African Institute for Development Policy - AFIDEP\",\"isPartOf\":{\"@id\":\"https:\\\/\\\/afidep.org\\\/fr\\\/#website\"},\"primaryImageOfPage\":{\"@id\":\"https:\\\/\\\/afidep.org\\\/fr\\\/les-chefs-du-malawi-sengagent-lors-du-tout-premier-forum-national-en-faveur-de-la-gestion-des-ressources-naturelles-et-de-la-transition-vers-une-agriculture-et-des-moyens-de-subsistance-durables\\\/#primaryimage\"},\"image\":{\"@id\":\"https:\\\/\\\/afidep.org\\\/fr\\\/les-chefs-du-malawi-sengagent-lors-du-tout-premier-forum-national-en-faveur-de-la-gestion-des-ressources-naturelles-et-de-la-transition-vers-une-agriculture-et-des-moyens-de-subsistance-durables\\\/#primaryimage\"},\"thumbnailUrl\":\"\",\"datePublished\":\"2023-09-07T08:10:38+00:00\",\"dateModified\":\"2023-12-12T19:46:58+00:00\",\"author\":{\"@id\":\"https:\\\/\\\/afidep.org\\\/fr\\\/#\\\/schema\\\/person\\\/322fdf42e023744430bbe44233ec1af1\"},\"breadcrumb\":{\"@id\":\"https:\\\/\\\/afidep.org\\\/fr\\\/les-chefs-du-malawi-sengagent-lors-du-tout-premier-forum-national-en-faveur-de-la-gestion-des-ressources-naturelles-et-de-la-transition-vers-une-agriculture-et-des-moyens-de-subsistance-durables\\\/#breadcrumb\"},\"inLanguage\":\"fr-FR\",\"potentialAction\":[{\"@type\":\"ReadAction\",\"target\":[\"https:\\\/\\\/afidep.org\\\/fr\\\/les-chefs-du-malawi-sengagent-lors-du-tout-premier-forum-national-en-faveur-de-la-gestion-des-ressources-naturelles-et-de-la-transition-vers-une-agriculture-et-des-moyens-de-subsistance-durables\\\/\"]}]},{\"@type\":\"ImageObject\",\"inLanguage\":\"fr-FR\",\"@id\":\"https:\\\/\\\/afidep.org\\\/fr\\\/les-chefs-du-malawi-sengagent-lors-du-tout-premier-forum-national-en-faveur-de-la-gestion-des-ressources-naturelles-et-de-la-transition-vers-une-agriculture-et-des-moyens-de-subsistance-durables\\\/#primaryimage\",\"url\":\"\",\"contentUrl\":\"\"},{\"@type\":\"BreadcrumbList\",\"@id\":\"https:\\\/\\\/afidep.org\\\/fr\\\/les-chefs-du-malawi-sengagent-lors-du-tout-premier-forum-national-en-faveur-de-la-gestion-des-ressources-naturelles-et-de-la-transition-vers-une-agriculture-et-des-moyens-de-subsistance-durables\\\/#breadcrumb\",\"itemListElement\":[{\"@type\":\"ListItem\",\"position\":1,\"name\":\"Home\",\"item\":\"https:\\\/\\\/afidep.org\\\/fr\\\/\"},{\"@type\":\"ListItem\",\"position\":2,\"name\":\"Les chefs du Malawi s&rsquo;engagent lors du tout premier forum national en faveur de la gestion des ressources naturelles et de la transition vers une agriculture et des moyens de subsistance durables\"}]},{\"@type\":\"WebSite\",\"@id\":\"https:\\\/\\\/afidep.org\\\/fr\\\/#website\",\"url\":\"https:\\\/\\\/afidep.org\\\/fr\\\/\",\"name\":\"African Institute for Development Policy - AFIDEP\",\"description\":\"Bridging Development Research, Policy &amp; Practice\",\"potentialAction\":[{\"@type\":\"SearchAction\",\"target\":{\"@type\":\"EntryPoint\",\"urlTemplate\":\"https:\\\/\\\/afidep.org\\\/fr\\\/?s={search_term_string}\"},\"query-input\":{\"@type\":\"PropertyValueSpecification\",\"valueRequired\":true,\"valueName\":\"search_term_string\"}}],\"inLanguage\":\"fr-FR\"},{\"@type\":\"Person\",\"@id\":\"https:\\\/\\\/afidep.org\\\/fr\\\/#\\\/schema\\\/person\\\/322fdf42e023744430bbe44233ec1af1\",\"name\":\"Venancious Tuor\",\"image\":{\"@type\":\"ImageObject\",\"inLanguage\":\"fr-FR\",\"@id\":\"https:\\\/\\\/secure.gravatar.com\\\/avatar\\\/9c297d61f7bc6c9f547c5b3f5a25a7d6265b9e809bb77143bdfdce479c0d5152?s=96&d=mm&r=g\",\"url\":\"https:\\\/\\\/secure.gravatar.com\\\/avatar\\\/9c297d61f7bc6c9f547c5b3f5a25a7d6265b9e809bb77143bdfdce479c0d5152?s=96&d=mm&r=g\",\"contentUrl\":\"https:\\\/\\\/secure.gravatar.com\\\/avatar\\\/9c297d61f7bc6c9f547c5b3f5a25a7d6265b9e809bb77143bdfdce479c0d5152?s=96&d=mm&r=g\",\"caption\":\"Venancious Tuor\"}}]}<\/script>\n<!-- \/ Yoast SEO plugin. -->","yoast_head_json":{"title":"Les chefs du Malawi s'engagent lors du tout premier forum national en faveur de la gestion des ressources naturelles et de la transition vers une agriculture et des moyens de subsistance durables - African Institute for Development Policy - AFIDEP","robots":{"index":"index","follow":"follow","max-snippet":"max-snippet:-1","max-image-preview":"max-image-preview:large","max-video-preview":"max-video-preview:-1"},"canonical":"https:\/\/afidep.org\/fr\/les-chefs-du-malawi-sengagent-lors-du-tout-premier-forum-national-en-faveur-de-la-gestion-des-ressources-naturelles-et-de-la-transition-vers-une-agriculture-et-des-moyens-de-subsistance-durables\/","og_locale":"fr_FR","og_type":"article","og_title":"Les chefs du Malawi s'engagent lors du tout premier forum national en faveur de la gestion des ressources naturelles et de la transition vers une agriculture et des moyens de subsistance durables - African Institute for Development Policy - AFIDEP","og_description":"Tous les chefs supr\u00eames, hauts chefs et autorit\u00e9s traditionnelles du Malawi, dans un appel \u00e0 l&rsquo;action sign\u00e9 \u00e0 la suite du tout premier \u00ab Forum national des chefs sur la gestion int\u00e9gr\u00e9e des ressources naturelles et la transition vers une agriculture et des moyens de subsistance durables au Malawi \u00bb les 30 et 31 ao\u00fbt 2023, engag\u00e9 \u00e0 prot\u00e9ger les for\u00eats, \u00e0 mettre fin \u00e0 la p\u00eache et au commerce ill\u00e9gaux d\u2019esp\u00e8ces sauvages et \u00e0 soutenir des pratiques agricoles durables pour garantir la s\u00e9curit\u00e9 alimentaire. Le forum a \u00e9t\u00e9 organis\u00e9 par le Minist\u00e8re des Ressources naturelles et du Changement climatique, [&hellip;]","og_url":"https:\/\/afidep.org\/fr\/les-chefs-du-malawi-sengagent-lors-du-tout-premier-forum-national-en-faveur-de-la-gestion-des-ressources-naturelles-et-de-la-transition-vers-une-agriculture-et-des-moyens-de-subsistance-durables\/","og_site_name":"African Institute for Development Policy - AFIDEP","article_published_time":"2023-09-07T08:10:38+00:00","article_modified_time":"2023-12-12T19:46:58+00:00","author":"Venancious Tuor","twitter_card":"summary_large_image","twitter_misc":{"\u00c9crit par":"Venancious Tuor","Dur\u00e9e de lecture estim\u00e9e":"4 minutes"},"schema":{"@context":"https:\/\/schema.org","@graph":[{"@type":"Article","@id":"https:\/\/afidep.org\/fr\/les-chefs-du-malawi-sengagent-lors-du-tout-premier-forum-national-en-faveur-de-la-gestion-des-ressources-naturelles-et-de-la-transition-vers-une-agriculture-et-des-moyens-de-subsistance-durables\/#article","isPartOf":{"@id":"https:\/\/afidep.org\/fr\/les-chefs-du-malawi-sengagent-lors-du-tout-premier-forum-national-en-faveur-de-la-gestion-des-ressources-naturelles-et-de-la-transition-vers-une-agriculture-et-des-moyens-de-subsistance-durables\/"},"author":{"name":"Venancious Tuor","@id":"https:\/\/afidep.org\/fr\/#\/schema\/person\/322fdf42e023744430bbe44233ec1af1"},"headline":"Les chefs du Malawi s&rsquo;engagent lors du tout premier forum national en faveur de la gestion des ressources naturelles et de la transition vers une agriculture et des moyens de subsistance durables","datePublished":"2023-09-07T08:10:38+00:00","dateModified":"2023-12-12T19:46:58+00:00","mainEntityOfPage":{"@id":"https:\/\/afidep.org\/fr\/les-chefs-du-malawi-sengagent-lors-du-tout-premier-forum-national-en-faveur-de-la-gestion-des-ressources-naturelles-et-de-la-transition-vers-une-agriculture-et-des-moyens-de-subsistance-durables\/"},"wordCount":989,"image":{"@id":"https:\/\/afidep.org\/fr\/les-chefs-du-malawi-sengagent-lors-du-tout-premier-forum-national-en-faveur-de-la-gestion-des-ressources-naturelles-et-de-la-transition-vers-une-agriculture-et-des-moyens-de-subsistance-durables\/#primaryimage"},"thumbnailUrl":"","articleSection":["Non classifi\u00e9(e)"],"inLanguage":"fr-FR"},{"@type":"WebPage","@id":"https:\/\/afidep.org\/fr\/les-chefs-du-malawi-sengagent-lors-du-tout-premier-forum-national-en-faveur-de-la-gestion-des-ressources-naturelles-et-de-la-transition-vers-une-agriculture-et-des-moyens-de-subsistance-durables\/","url":"https:\/\/afidep.org\/fr\/les-chefs-du-malawi-sengagent-lors-du-tout-premier-forum-national-en-faveur-de-la-gestion-des-ressources-naturelles-et-de-la-transition-vers-une-agriculture-et-des-moyens-de-subsistance-durables\/","name":"Les chefs du Malawi s'engagent lors du tout premier forum national en faveur de la gestion des ressources naturelles et de la transition vers une agriculture et des moyens de subsistance durables - African Institute for Development Policy - AFIDEP","isPartOf":{"@id":"https:\/\/afidep.org\/fr\/#website"},"primaryImageOfPage":{"@id":"https:\/\/afidep.org\/fr\/les-chefs-du-malawi-sengagent-lors-du-tout-premier-forum-national-en-faveur-de-la-gestion-des-ressources-naturelles-et-de-la-transition-vers-une-agriculture-et-des-moyens-de-subsistance-durables\/#primaryimage"},"image":{"@id":"https:\/\/afidep.org\/fr\/les-chefs-du-malawi-sengagent-lors-du-tout-premier-forum-national-en-faveur-de-la-gestion-des-ressources-naturelles-et-de-la-transition-vers-une-agriculture-et-des-moyens-de-subsistance-durables\/#primaryimage"},"thumbnailUrl":"","datePublished":"2023-09-07T08:10:38+00:00","dateModified":"2023-12-12T19:46:58+00:00","author":{"@id":"https:\/\/afidep.org\/fr\/#\/schema\/person\/322fdf42e023744430bbe44233ec1af1"},"breadcrumb":{"@id":"https:\/\/afidep.org\/fr\/les-chefs-du-malawi-sengagent-lors-du-tout-premier-forum-national-en-faveur-de-la-gestion-des-ressources-naturelles-et-de-la-transition-vers-une-agriculture-et-des-moyens-de-subsistance-durables\/#breadcrumb"},"inLanguage":"fr-FR","potentialAction":[{"@type":"ReadAction","target":["https:\/\/afidep.org\/fr\/les-chefs-du-malawi-sengagent-lors-du-tout-premier-forum-national-en-faveur-de-la-gestion-des-ressources-naturelles-et-de-la-transition-vers-une-agriculture-et-des-moyens-de-subsistance-durables\/"]}]},{"@type":"ImageObject","inLanguage":"fr-FR","@id":"https:\/\/afidep.org\/fr\/les-chefs-du-malawi-sengagent-lors-du-tout-premier-forum-national-en-faveur-de-la-gestion-des-ressources-naturelles-et-de-la-transition-vers-une-agriculture-et-des-moyens-de-subsistance-durables\/#primaryimage","url":"","contentUrl":""},{"@type":"BreadcrumbList","@id":"https:\/\/afidep.org\/fr\/les-chefs-du-malawi-sengagent-lors-du-tout-premier-forum-national-en-faveur-de-la-gestion-des-ressources-naturelles-et-de-la-transition-vers-une-agriculture-et-des-moyens-de-subsistance-durables\/#breadcrumb","itemListElement":[{"@type":"ListItem","position":1,"name":"Home","item":"https:\/\/afidep.org\/fr\/"},{"@type":"ListItem","position":2,"name":"Les chefs du Malawi s&rsquo;engagent lors du tout premier forum national en faveur de la gestion des ressources naturelles et de la transition vers une agriculture et des moyens de subsistance durables"}]},{"@type":"WebSite","@id":"https:\/\/afidep.org\/fr\/#website","url":"https:\/\/afidep.org\/fr\/","name":"African Institute for Development Policy - AFIDEP","description":"Bridging Development Research, Policy &amp; Practice","potentialAction":[{"@type":"SearchAction","target":{"@type":"EntryPoint","urlTemplate":"https:\/\/afidep.org\/fr\/?s={search_term_string}"},"query-input":{"@type":"PropertyValueSpecification","valueRequired":true,"valueName":"search_term_string"}}],"inLanguage":"fr-FR"},{"@type":"Person","@id":"https:\/\/afidep.org\/fr\/#\/schema\/person\/322fdf42e023744430bbe44233ec1af1","name":"Venancious Tuor","image":{"@type":"ImageObject","inLanguage":"fr-FR","@id":"https:\/\/secure.gravatar.com\/avatar\/9c297d61f7bc6c9f547c5b3f5a25a7d6265b9e809bb77143bdfdce479c0d5152?s=96&d=mm&r=g","url":"https:\/\/secure.gravatar.com\/avatar\/9c297d61f7bc6c9f547c5b3f5a25a7d6265b9e809bb77143bdfdce479c0d5152?s=96&d=mm&r=g","contentUrl":"https:\/\/secure.gravatar.com\/avatar\/9c297d61f7bc6c9f547c5b3f5a25a7d6265b9e809bb77143bdfdce479c0d5152?s=96&d=mm&r=g","caption":"Venancious Tuor"}}]}},"_links":{"self":[{"href":"https:\/\/afidep.org\/fr\/wp-json\/wp\/v2\/posts\/30427","targetHints":{"allow":["GET"]}}],"collection":[{"href":"https:\/\/afidep.org\/fr\/wp-json\/wp\/v2\/posts"}],"about":[{"href":"https:\/\/afidep.org\/fr\/wp-json\/wp\/v2\/types\/post"}],"author":[{"embeddable":true,"href":"https:\/\/afidep.org\/fr\/wp-json\/wp\/v2\/users\/20"}],"replies":[{"embeddable":true,"href":"https:\/\/afidep.org\/fr\/wp-json\/wp\/v2\/comments?post=30427"}],"version-history":[{"count":1,"href":"https:\/\/afidep.org\/fr\/wp-json\/wp\/v2\/posts\/30427\/revisions"}],"predecessor-version":[{"id":31315,"href":"https:\/\/afidep.org\/fr\/wp-json\/wp\/v2\/posts\/30427\/revisions\/31315"}],"wp:featuredmedia":[{"embeddable":true,"href":"https:\/\/afidep.org\/fr\/wp-json\/"}],"wp:attachment":[{"href":"https:\/\/afidep.org\/fr\/wp-json\/wp\/v2\/media?parent=30427"}],"wp:term":[{"taxonomy":"category","embeddable":true,"href":"https:\/\/afidep.org\/fr\/wp-json\/wp\/v2\/categories?post=30427"},{"taxonomy":"post_tag","embeddable":true,"href":"https:\/\/afidep.org\/fr\/wp-json\/wp\/v2\/tags?post=30427"},{"taxonomy":"programme","embeddable":true,"href":"https:\/\/afidep.org\/fr\/wp-json\/wp\/v2\/programme?post=30427"},{"taxonomy":"country","embeddable":true,"href":"https:\/\/afidep.org\/fr\/wp-json\/wp\/v2\/country?post=30427"},{"taxonomy":"cop26","embeddable":true,"href":"https:\/\/afidep.org\/fr\/wp-json\/wp\/v2\/cop26?post=30427"}],"curies":[{"name":"wp","href":"https:\/\/api.w.org\/{rel}","templated":true}]}}