{"id":30510,"date":"2023-09-11T13:54:46","date_gmt":"2023-09-11T10:54:46","guid":{"rendered":"https:\/\/www.afidep.org\/?p=30510"},"modified":"2023-12-12T22:41:57","modified_gmt":"2023-12-12T19:41:57","slug":"lafidep-a-la-conference-evidence-2023","status":"publish","type":"post","link":"https:\/\/afidep.org\/fr\/lafidep-a-la-conference-evidence-2023\/","title":{"rendered":"L&rsquo;AFIDEP \u00e0 la conf\u00e9rence Evidence 2023"},"content":{"rendered":"<p>L&rsquo;Institut africain pour le d\u00e9veloppement des politiques (AFIDEP) participera \u00e0 la conf\u00e9rence Evidence 2023 du 13 au 15 septembre 2023 \u00e0 Entebbe en Ouganda.<\/p>\n<p>L&rsquo;\u00e9v\u00e9nement biennal ayant pour th\u00e8me \u00ab Se r\u00e9unir pour construire une base de connaissances pour une prise de d\u00e9cision fond\u00e9e sur des donn\u00e9es probantes \u00bb rassemble la communaut\u00e9 panafricaine pour l&rsquo;apprentissage, le partage et l&rsquo;\u00e9tablissement de relations ; offre une opportunit\u00e9 de connexion et de collaboration pour am\u00e9liorer l&rsquo;apprentissage mutuel et le d\u00e9veloppement de nouvelles id\u00e9es pour soutenir la prise de d\u00e9cision fond\u00e9e sur des donn\u00e9es probantes (EIDM)\u00a0; cr\u00e9er du contenu pour la pratique de l&rsquo;EIDM et offrir des opportunit\u00e9s de partager les exp\u00e9riences de pratique de l&rsquo;EIDM de diff\u00e9rents experts de la communaut\u00e9.<\/p>\n<p>\u00c0 l\u2019AFIDEP, nous pensons qu\u2019une culture d\u2019utilisation coh\u00e9rente des donn\u00e9es probantes devrait sous-tendre les pratiques d\u00e9cisionnelles dans tous les secteurs pour que l\u2019Afrique puisse parvenir \u00e0 un d\u00e9veloppement durable et \u00e9quitable afin d\u2019am\u00e9liorer la vie des populations.<\/p>\n<p><strong>Session 5\u00a0: Institutionnaliser les donn\u00e9es probantes\u00a0: partager les le\u00e7ons et les orientations futures<\/strong><\/p>\n<p><strong>Mercredi 13 septembre | 15h00 \u00e0 17h00 | H\u00f4tel Protea, Entebbe<\/strong><\/p>\n<p>Le Dr Rose Oronje, Directrice des politiques publiques et de l&rsquo;application des connaissances et chef du bureau du Kenya (AFIDEP), fera partie du panel.<\/p>\n<p>Pr\u00e9sidente : Marie Gaarder, Directrice ex\u00e9cutive, Initiative internationale pour l&rsquo;\u00e9valuation d&rsquo;impact (3ie).<\/p>\n<p>Autres pan\u00e9listes :<\/p>\n<ol>\n<li>Candice Morkel, directrice, Centre d&rsquo;apprentissage sur l&rsquo;\u00e9valuation et les r\u00e9sultats \u2013 Afrique anglophone (CLEAR-AA)<\/li>\n<li>Tanja Kuchenmuller, chef d&rsquo;unit\u00e9, Evidence to Policy and Impact, D\u00e9partement de recherche pour la sant\u00e9, Division scientifique \u2013 Organisation mondiale de la sant\u00e9<\/li>\n<li>Godfrey Mashamba, Directeur g\u00e9n\u00e9ral adjoint pour l&rsquo;\u00e9valuation, les donn\u00e9es probantes et les syst\u00e8mes de connaissances \u2013 D\u00e9partement de planification, de suivi et d&rsquo;\u00e9valuation, Afrique du Sud<\/li>\n<li>Rhona Mijumbi, chef de l&rsquo;unit\u00e9 politique \u2013 Programme Malawi-Liverpool-Wellcome (MLW)<\/li>\n<\/ol>\n<p><strong>S\u00e9ance 10\u00a0: Augmenter les capacit\u00e9s de donn\u00e9es probantes gr\u00e2ce \u00e0 un engagement collaboratif<\/strong><\/p>\n<p><strong>Jeudi 14 septembre 2023 | 10h10 \u2013 11h30 | H\u00f4tel Protea, Entebbe<\/strong><\/p>\n<p>\u00c0 travers une table ronde et une table ronde avec des leaders d\u2019opinion, cette session explorera les innovations qui fa\u00e7onnent les interventions de d\u00e9veloppement des capacit\u00e9s pour transformer le paysage des donn\u00e9es probantes. Le groupe de travail sur les capacit\u00e9s de preuve animera la session.<\/p>\n<p>Pr\u00e9sidente\u00a0: Roberta Blankson, Centre international pour l&rsquo;\u00e9valuation et le d\u00e9veloppement, Kenya<\/p>\n<p>Pan\u00e9listes\u00a0:<\/p>\n<ol>\n<li>Edwin Byusa, Cenfri Rwanda<\/li>\n<li>Elizabeth Birabwa Aliro, Centre de recherche sur les politiques \u00e9conomiques, Ouganda<\/li>\n<li>Enock Musungwini, Pangea Zimbabwe AIDS Trust, Zimbabwe<\/li>\n<li>Penka Bogne, chercheuse et conteuse traditionnelle, Effective Basic Services (eBASE) Afrique Cameroun<\/li>\n<\/ol>\n<p>Pan\u00e9listes de la table ronde\u00a0:<\/p>\n<ol>\n<li>Oesi Sebusang Thothe, responsable de la communication et de l&rsquo;engagement politique \u2013 AFIDEP<\/li>\n<li>Charity Chisoro, charg\u00e9e de programme \u2013 AEN Afrique du Sud<\/li>\n<li>Hazel Zaranyika, charg\u00e9e de programme \u2013 AEN Afrique du Sud<\/li>\n<li>Tangang Andrew Tangang, Analyste politique principal \u2013 Effective Basic Services (eBASE) Afrique, Cameroun<\/li>\n<li>Violet Murunga, Analyste de recherche et de politiques \u2013 AFIDEP<\/li>\n<li>Leyla Abdullahi, Analyste principale de recherche et de politiques \u2013 AFIDEP<\/li>\n<\/ol>\n<p><strong>SESSION 16 : \u00c9ducation et emploi des jeunes Partie B : Donn\u00e9es probantes en faveur de l&rsquo;\u00e9ducation<\/strong><\/p>\n<p><strong>Jeudi 14 septembre 2023, | 15h45 \u2013 17h00 | H\u00f4tel Protea, Entebbe<\/strong><\/p>\n<p>La table ronde int\u00e9grera les contributions de l\u2019ensemble de l\u2019Africa Evidence Network. Une discussion structur\u00e9e sera anim\u00e9e par l\u2019un des laur\u00e9ats du Africa Evidence Leadership Award.<\/p>\n<p>Pr\u00e9sidente\u00a0: Gloria Anderson, Directrice ex\u00e9cutive TEDI, Tanzanie<\/p>\n<p>Pan\u00e9listes de la table ronde :<\/p>\n<ol>\n<li>Leyla Abdullahi, Analyste principale de recherche et de politiques \u2013 AFIDEP<\/li>\n<li>Pambe Miong Rigobert Hanny, responsable adjoint des programmes eBASE Africa au Cameroun<\/li>\n<li>Michael Ainomugisha, Building Tomorrow, Ouganda<\/li>\n<li>Chanice Fri Okwen, eBASE Africa, Cameroun<\/li>\n<li>Anselm Guezo, Universit\u00e9 d&rsquo;Abomey-Calavi, B\u00e9nin<\/li>\n<li>Bruce Chidi, Gogetters Brand (pty) Ltd<\/li>\n<\/ol>\n<p>Inscrivez-vous ici : <a href=\"https:\/\/bit.ly\/3R98VR4\">https:\/\/bit.ly\/3R98VR4<\/a><\/p>\n<p>En savoir plus sur l\u2019impact de l\u2019AFIDEP sur l\u2019EIDM : <a href=\"http:\/\/www.afidep.org\">www.afidep.org<\/a><\/p>\n<p>&nbsp;<\/p>\n<p style=\"text-align: center;\"><strong>Li\u00e9 \u00e0<\/strong> : <a href=\"https:\/\/afidep.org\/fr\/programme\/institutional-update-fr\/\">Mise \u00e0 jour institutionnelle<\/a><\/p>\n","protected":false},"excerpt":{"rendered":"<p>L&rsquo;Institut africain pour le d\u00e9veloppement des politiques (AFIDEP) participera \u00e0 la conf\u00e9rence Evidence 2023 du 13 au 15 septembre 2023 \u00e0 Entebbe en Ouganda. L&rsquo;\u00e9v\u00e9nement biennal ayant pour th\u00e8me \u00ab Se r\u00e9unir pour construire une base de connaissances pour une prise de d\u00e9cision fond\u00e9e sur des donn\u00e9es probantes \u00bb rassemble la communaut\u00e9 panafricaine pour l&rsquo;apprentissage, le partage et l&rsquo;\u00e9tablissement de relations ; offre une opportunit\u00e9 de connexion et de collaboration pour am\u00e9liorer l&rsquo;apprentissage mutuel et le d\u00e9veloppement de nouvelles id\u00e9es pour soutenir la prise de d\u00e9cision fond\u00e9e sur des donn\u00e9es probantes (EIDM)\u00a0; cr\u00e9er du contenu pour la pratique de l&rsquo;EIDM [&hellip;]<\/p>\n","protected":false},"author":20,"featured_media":30473,"comment_status":"closed","ping_status":"open","sticky":false,"template":"","format":"standard","meta":{"_acf_changed":false,"give_campaign_id":0,"inline_featured_image":false,"footnotes":""},"categories":[2400],"tags":[],"programme":[],"country":[],"cop26":[],"class_list":["post-30510","post","type-post","status-publish","format-standard","has-post-thumbnail","hentry","category-non-classifiee"],"acf":[],"yoast_head":"<!-- This site is optimized with the Yoast SEO plugin v27.4 - https:\/\/yoast.com\/product\/yoast-seo-wordpress\/ -->\n<title>L&#039;AFIDEP \u00e0 la conf\u00e9rence Evidence 2023 - African Institute for Development Policy - AFIDEP<\/title>\n<meta name=\"robots\" content=\"index, follow, max-snippet:-1, max-image-preview:large, max-video-preview:-1\" \/>\n<link rel=\"canonical\" href=\"https:\/\/afidep.org\/fr\/lafidep-a-la-conference-evidence-2023\/\" \/>\n<meta property=\"og:locale\" content=\"fr_FR\" \/>\n<meta property=\"og:type\" content=\"article\" \/>\n<meta property=\"og:title\" content=\"L&#039;AFIDEP \u00e0 la conf\u00e9rence Evidence 2023 - African Institute for Development Policy - AFIDEP\" \/>\n<meta property=\"og:description\" content=\"L&rsquo;Institut africain pour le d\u00e9veloppement des politiques (AFIDEP) participera \u00e0 la conf\u00e9rence Evidence 2023 du 13 au 15 septembre 2023 \u00e0 Entebbe en Ouganda. L&rsquo;\u00e9v\u00e9nement biennal ayant pour th\u00e8me \u00ab Se r\u00e9unir pour construire une base de connaissances pour une prise de d\u00e9cision fond\u00e9e sur des donn\u00e9es probantes \u00bb rassemble la communaut\u00e9 panafricaine pour l&rsquo;apprentissage, le partage et l&rsquo;\u00e9tablissement de relations ; offre une opportunit\u00e9 de connexion et de collaboration pour am\u00e9liorer l&rsquo;apprentissage mutuel et le d\u00e9veloppement de nouvelles id\u00e9es pour soutenir la prise de d\u00e9cision fond\u00e9e sur des donn\u00e9es probantes (EIDM)\u00a0; cr\u00e9er du contenu pour la pratique de l&rsquo;EIDM [&hellip;]\" \/>\n<meta property=\"og:url\" content=\"https:\/\/afidep.org\/fr\/lafidep-a-la-conference-evidence-2023\/\" \/>\n<meta property=\"og:site_name\" content=\"African Institute for Development Policy - AFIDEP\" \/>\n<meta property=\"article:published_time\" content=\"2023-09-11T10:54:46+00:00\" \/>\n<meta property=\"article:modified_time\" content=\"2023-12-12T19:41:57+00:00\" \/>\n<meta name=\"author\" content=\"Venancious Tuor\" \/>\n<meta name=\"twitter:card\" content=\"summary_large_image\" \/>\n<meta name=\"twitter:label1\" content=\"\u00c9crit par\" \/>\n\t<meta name=\"twitter:data1\" content=\"Venancious Tuor\" \/>\n\t<meta name=\"twitter:label2\" content=\"Dur\u00e9e de lecture estim\u00e9e\" \/>\n\t<meta name=\"twitter:data2\" content=\"3 minutes\" \/>\n<script type=\"application\/ld+json\" class=\"yoast-schema-graph\">{\"@context\":\"https:\\\/\\\/schema.org\",\"@graph\":[{\"@type\":\"Article\",\"@id\":\"https:\\\/\\\/afidep.org\\\/fr\\\/lafidep-a-la-conference-evidence-2023\\\/#article\",\"isPartOf\":{\"@id\":\"https:\\\/\\\/afidep.org\\\/fr\\\/lafidep-a-la-conference-evidence-2023\\\/\"},\"author\":{\"name\":\"Venancious Tuor\",\"@id\":\"https:\\\/\\\/afidep.org\\\/fr\\\/#\\\/schema\\\/person\\\/322fdf42e023744430bbe44233ec1af1\"},\"headline\":\"L&rsquo;AFIDEP \u00e0 la conf\u00e9rence Evidence 2023\",\"datePublished\":\"2023-09-11T10:54:46+00:00\",\"dateModified\":\"2023-12-12T19:41:57+00:00\",\"mainEntityOfPage\":{\"@id\":\"https:\\\/\\\/afidep.org\\\/fr\\\/lafidep-a-la-conference-evidence-2023\\\/\"},\"wordCount\":657,\"image\":{\"@id\":\"https:\\\/\\\/afidep.org\\\/fr\\\/lafidep-a-la-conference-evidence-2023\\\/#primaryimage\"},\"thumbnailUrl\":\"\",\"articleSection\":[\"Non classifi\u00e9(e)\"],\"inLanguage\":\"fr-FR\"},{\"@type\":\"WebPage\",\"@id\":\"https:\\\/\\\/afidep.org\\\/fr\\\/lafidep-a-la-conference-evidence-2023\\\/\",\"url\":\"https:\\\/\\\/afidep.org\\\/fr\\\/lafidep-a-la-conference-evidence-2023\\\/\",\"name\":\"L'AFIDEP \u00e0 la conf\u00e9rence Evidence 2023 - African Institute for Development Policy - AFIDEP\",\"isPartOf\":{\"@id\":\"https:\\\/\\\/afidep.org\\\/fr\\\/#website\"},\"primaryImageOfPage\":{\"@id\":\"https:\\\/\\\/afidep.org\\\/fr\\\/lafidep-a-la-conference-evidence-2023\\\/#primaryimage\"},\"image\":{\"@id\":\"https:\\\/\\\/afidep.org\\\/fr\\\/lafidep-a-la-conference-evidence-2023\\\/#primaryimage\"},\"thumbnailUrl\":\"\",\"datePublished\":\"2023-09-11T10:54:46+00:00\",\"dateModified\":\"2023-12-12T19:41:57+00:00\",\"author\":{\"@id\":\"https:\\\/\\\/afidep.org\\\/fr\\\/#\\\/schema\\\/person\\\/322fdf42e023744430bbe44233ec1af1\"},\"breadcrumb\":{\"@id\":\"https:\\\/\\\/afidep.org\\\/fr\\\/lafidep-a-la-conference-evidence-2023\\\/#breadcrumb\"},\"inLanguage\":\"fr-FR\",\"potentialAction\":[{\"@type\":\"ReadAction\",\"target\":[\"https:\\\/\\\/afidep.org\\\/fr\\\/lafidep-a-la-conference-evidence-2023\\\/\"]}]},{\"@type\":\"ImageObject\",\"inLanguage\":\"fr-FR\",\"@id\":\"https:\\\/\\\/afidep.org\\\/fr\\\/lafidep-a-la-conference-evidence-2023\\\/#primaryimage\",\"url\":\"\",\"contentUrl\":\"\"},{\"@type\":\"BreadcrumbList\",\"@id\":\"https:\\\/\\\/afidep.org\\\/fr\\\/lafidep-a-la-conference-evidence-2023\\\/#breadcrumb\",\"itemListElement\":[{\"@type\":\"ListItem\",\"position\":1,\"name\":\"Home\",\"item\":\"https:\\\/\\\/afidep.org\\\/fr\\\/\"},{\"@type\":\"ListItem\",\"position\":2,\"name\":\"L&rsquo;AFIDEP \u00e0 la conf\u00e9rence Evidence 2023\"}]},{\"@type\":\"WebSite\",\"@id\":\"https:\\\/\\\/afidep.org\\\/fr\\\/#website\",\"url\":\"https:\\\/\\\/afidep.org\\\/fr\\\/\",\"name\":\"African Institute for Development Policy - AFIDEP\",\"description\":\"Bridging Development Research, Policy &amp; Practice\",\"potentialAction\":[{\"@type\":\"SearchAction\",\"target\":{\"@type\":\"EntryPoint\",\"urlTemplate\":\"https:\\\/\\\/afidep.org\\\/fr\\\/?s={search_term_string}\"},\"query-input\":{\"@type\":\"PropertyValueSpecification\",\"valueRequired\":true,\"valueName\":\"search_term_string\"}}],\"inLanguage\":\"fr-FR\"},{\"@type\":\"Person\",\"@id\":\"https:\\\/\\\/afidep.org\\\/fr\\\/#\\\/schema\\\/person\\\/322fdf42e023744430bbe44233ec1af1\",\"name\":\"Venancious Tuor\",\"image\":{\"@type\":\"ImageObject\",\"inLanguage\":\"fr-FR\",\"@id\":\"https:\\\/\\\/secure.gravatar.com\\\/avatar\\\/9c297d61f7bc6c9f547c5b3f5a25a7d6265b9e809bb77143bdfdce479c0d5152?s=96&d=mm&r=g\",\"url\":\"https:\\\/\\\/secure.gravatar.com\\\/avatar\\\/9c297d61f7bc6c9f547c5b3f5a25a7d6265b9e809bb77143bdfdce479c0d5152?s=96&d=mm&r=g\",\"contentUrl\":\"https:\\\/\\\/secure.gravatar.com\\\/avatar\\\/9c297d61f7bc6c9f547c5b3f5a25a7d6265b9e809bb77143bdfdce479c0d5152?s=96&d=mm&r=g\",\"caption\":\"Venancious Tuor\"}}]}<\/script>\n<!-- \/ Yoast SEO plugin. -->","yoast_head_json":{"title":"L'AFIDEP \u00e0 la conf\u00e9rence Evidence 2023 - African Institute for Development Policy - AFIDEP","robots":{"index":"index","follow":"follow","max-snippet":"max-snippet:-1","max-image-preview":"max-image-preview:large","max-video-preview":"max-video-preview:-1"},"canonical":"https:\/\/afidep.org\/fr\/lafidep-a-la-conference-evidence-2023\/","og_locale":"fr_FR","og_type":"article","og_title":"L'AFIDEP \u00e0 la conf\u00e9rence Evidence 2023 - African Institute for Development Policy - AFIDEP","og_description":"L&rsquo;Institut africain pour le d\u00e9veloppement des politiques (AFIDEP) participera \u00e0 la conf\u00e9rence Evidence 2023 du 13 au 15 septembre 2023 \u00e0 Entebbe en Ouganda. L&rsquo;\u00e9v\u00e9nement biennal ayant pour th\u00e8me \u00ab Se r\u00e9unir pour construire une base de connaissances pour une prise de d\u00e9cision fond\u00e9e sur des donn\u00e9es probantes \u00bb rassemble la communaut\u00e9 panafricaine pour l&rsquo;apprentissage, le partage et l&rsquo;\u00e9tablissement de relations ; offre une opportunit\u00e9 de connexion et de collaboration pour am\u00e9liorer l&rsquo;apprentissage mutuel et le d\u00e9veloppement de nouvelles id\u00e9es pour soutenir la prise de d\u00e9cision fond\u00e9e sur des donn\u00e9es probantes (EIDM)\u00a0; cr\u00e9er du contenu pour la pratique de l&rsquo;EIDM [&hellip;]","og_url":"https:\/\/afidep.org\/fr\/lafidep-a-la-conference-evidence-2023\/","og_site_name":"African Institute for Development Policy - AFIDEP","article_published_time":"2023-09-11T10:54:46+00:00","article_modified_time":"2023-12-12T19:41:57+00:00","author":"Venancious Tuor","twitter_card":"summary_large_image","twitter_misc":{"\u00c9crit par":"Venancious Tuor","Dur\u00e9e de lecture estim\u00e9e":"3 minutes"},"schema":{"@context":"https:\/\/schema.org","@graph":[{"@type":"Article","@id":"https:\/\/afidep.org\/fr\/lafidep-a-la-conference-evidence-2023\/#article","isPartOf":{"@id":"https:\/\/afidep.org\/fr\/lafidep-a-la-conference-evidence-2023\/"},"author":{"name":"Venancious Tuor","@id":"https:\/\/afidep.org\/fr\/#\/schema\/person\/322fdf42e023744430bbe44233ec1af1"},"headline":"L&rsquo;AFIDEP \u00e0 la conf\u00e9rence Evidence 2023","datePublished":"2023-09-11T10:54:46+00:00","dateModified":"2023-12-12T19:41:57+00:00","mainEntityOfPage":{"@id":"https:\/\/afidep.org\/fr\/lafidep-a-la-conference-evidence-2023\/"},"wordCount":657,"image":{"@id":"https:\/\/afidep.org\/fr\/lafidep-a-la-conference-evidence-2023\/#primaryimage"},"thumbnailUrl":"","articleSection":["Non classifi\u00e9(e)"],"inLanguage":"fr-FR"},{"@type":"WebPage","@id":"https:\/\/afidep.org\/fr\/lafidep-a-la-conference-evidence-2023\/","url":"https:\/\/afidep.org\/fr\/lafidep-a-la-conference-evidence-2023\/","name":"L'AFIDEP \u00e0 la conf\u00e9rence Evidence 2023 - African Institute for Development Policy - AFIDEP","isPartOf":{"@id":"https:\/\/afidep.org\/fr\/#website"},"primaryImageOfPage":{"@id":"https:\/\/afidep.org\/fr\/lafidep-a-la-conference-evidence-2023\/#primaryimage"},"image":{"@id":"https:\/\/afidep.org\/fr\/lafidep-a-la-conference-evidence-2023\/#primaryimage"},"thumbnailUrl":"","datePublished":"2023-09-11T10:54:46+00:00","dateModified":"2023-12-12T19:41:57+00:00","author":{"@id":"https:\/\/afidep.org\/fr\/#\/schema\/person\/322fdf42e023744430bbe44233ec1af1"},"breadcrumb":{"@id":"https:\/\/afidep.org\/fr\/lafidep-a-la-conference-evidence-2023\/#breadcrumb"},"inLanguage":"fr-FR","potentialAction":[{"@type":"ReadAction","target":["https:\/\/afidep.org\/fr\/lafidep-a-la-conference-evidence-2023\/"]}]},{"@type":"ImageObject","inLanguage":"fr-FR","@id":"https:\/\/afidep.org\/fr\/lafidep-a-la-conference-evidence-2023\/#primaryimage","url":"","contentUrl":""},{"@type":"BreadcrumbList","@id":"https:\/\/afidep.org\/fr\/lafidep-a-la-conference-evidence-2023\/#breadcrumb","itemListElement":[{"@type":"ListItem","position":1,"name":"Home","item":"https:\/\/afidep.org\/fr\/"},{"@type":"ListItem","position":2,"name":"L&rsquo;AFIDEP \u00e0 la conf\u00e9rence Evidence 2023"}]},{"@type":"WebSite","@id":"https:\/\/afidep.org\/fr\/#website","url":"https:\/\/afidep.org\/fr\/","name":"African Institute for Development Policy - AFIDEP","description":"Bridging Development Research, Policy &amp; Practice","potentialAction":[{"@type":"SearchAction","target":{"@type":"EntryPoint","urlTemplate":"https:\/\/afidep.org\/fr\/?s={search_term_string}"},"query-input":{"@type":"PropertyValueSpecification","valueRequired":true,"valueName":"search_term_string"}}],"inLanguage":"fr-FR"},{"@type":"Person","@id":"https:\/\/afidep.org\/fr\/#\/schema\/person\/322fdf42e023744430bbe44233ec1af1","name":"Venancious Tuor","image":{"@type":"ImageObject","inLanguage":"fr-FR","@id":"https:\/\/secure.gravatar.com\/avatar\/9c297d61f7bc6c9f547c5b3f5a25a7d6265b9e809bb77143bdfdce479c0d5152?s=96&d=mm&r=g","url":"https:\/\/secure.gravatar.com\/avatar\/9c297d61f7bc6c9f547c5b3f5a25a7d6265b9e809bb77143bdfdce479c0d5152?s=96&d=mm&r=g","contentUrl":"https:\/\/secure.gravatar.com\/avatar\/9c297d61f7bc6c9f547c5b3f5a25a7d6265b9e809bb77143bdfdce479c0d5152?s=96&d=mm&r=g","caption":"Venancious Tuor"}}]}},"_links":{"self":[{"href":"https:\/\/afidep.org\/fr\/wp-json\/wp\/v2\/posts\/30510","targetHints":{"allow":["GET"]}}],"collection":[{"href":"https:\/\/afidep.org\/fr\/wp-json\/wp\/v2\/posts"}],"about":[{"href":"https:\/\/afidep.org\/fr\/wp-json\/wp\/v2\/types\/post"}],"author":[{"embeddable":true,"href":"https:\/\/afidep.org\/fr\/wp-json\/wp\/v2\/users\/20"}],"replies":[{"embeddable":true,"href":"https:\/\/afidep.org\/fr\/wp-json\/wp\/v2\/comments?post=30510"}],"version-history":[{"count":1,"href":"https:\/\/afidep.org\/fr\/wp-json\/wp\/v2\/posts\/30510\/revisions"}],"predecessor-version":[{"id":31313,"href":"https:\/\/afidep.org\/fr\/wp-json\/wp\/v2\/posts\/30510\/revisions\/31313"}],"wp:featuredmedia":[{"embeddable":true,"href":"https:\/\/afidep.org\/fr\/wp-json\/"}],"wp:attachment":[{"href":"https:\/\/afidep.org\/fr\/wp-json\/wp\/v2\/media?parent=30510"}],"wp:term":[{"taxonomy":"category","embeddable":true,"href":"https:\/\/afidep.org\/fr\/wp-json\/wp\/v2\/categories?post=30510"},{"taxonomy":"post_tag","embeddable":true,"href":"https:\/\/afidep.org\/fr\/wp-json\/wp\/v2\/tags?post=30510"},{"taxonomy":"programme","embeddable":true,"href":"https:\/\/afidep.org\/fr\/wp-json\/wp\/v2\/programme?post=30510"},{"taxonomy":"country","embeddable":true,"href":"https:\/\/afidep.org\/fr\/wp-json\/wp\/v2\/country?post=30510"},{"taxonomy":"cop26","embeddable":true,"href":"https:\/\/afidep.org\/fr\/wp-json\/wp\/v2\/cop26?post=30510"}],"curies":[{"name":"wp","href":"https:\/\/api.w.org\/{rel}","templated":true}]}}