{"id":30873,"date":"2023-10-15T10:30:00","date_gmt":"2023-10-15T07:30:00","guid":{"rendered":"https:\/\/www.afidep.org\/?p=30873"},"modified":"2023-10-15T10:30:00","modified_gmt":"2023-10-15T07:30:00","slug":"journee-internationale-de-la-femme-rurale","status":"publish","type":"post","link":"https:\/\/afidep.org\/fr\/journee-internationale-de-la-femme-rurale\/","title":{"rendered":"Journ\u00e9e internationale de la femme rurale"},"content":{"rendered":"<p>Twitter<\/p>\n<p>Pour d\u00e9velopper les zones rurales, nous devons donner la priorit\u00e9 \u00e0 la sant\u00e9 des femmes rurales et de leur environnement. Il est choquant de constater que 30 % des femmes rurales accouchent sans la pr\u00e9sence d\u2019un agent de sant\u00e9 qualifi\u00e9, contre seulement 10 % des femmes urbaines. Selon @onufemmes, l&rsquo;acc\u00e8s aux informations sur la PF\/SR joue un r\u00f4le crucial dans la promotion de femmes et d&rsquo;enfants en bonne sant\u00e9, conduisant ainsi \u00e0 des communaut\u00e9s et des \u00e9conomies saines. Cette approche multiforme adopte une perspective \u00e0 360 degr\u00e9s, pla\u00e7ant les #FemmesRurales au premier plan.<\/p>\n","protected":false},"excerpt":{"rendered":"<p>Twitter Pour d\u00e9velopper les zones rurales, nous devons donner la priorit\u00e9 \u00e0 la sant\u00e9 des femmes rurales et de leur environnement. Il est choquant de constater que 30 % des femmes rurales accouchent sans la pr\u00e9sence d\u2019un agent de sant\u00e9 qualifi\u00e9, contre seulement 10 % des femmes urbaines. Selon @onufemmes, l&rsquo;acc\u00e8s aux informations sur la PF\/SR joue un r\u00f4le crucial dans la promotion de femmes et d&rsquo;enfants en bonne sant\u00e9, conduisant ainsi \u00e0 des communaut\u00e9s et des \u00e9conomies saines. Cette approche multiforme adopte une perspective \u00e0 360 degr\u00e9s, pla\u00e7ant les #FemmesRurales au premier plan.<\/p>\n","protected":false},"author":20,"featured_media":0,"comment_status":"closed","ping_status":"open","sticky":false,"template":"","format":"standard","meta":{"_acf_changed":false,"give_campaign_id":0,"inline_featured_image":false,"footnotes":""},"categories":[2400],"tags":[],"programme":[],"country":[],"cop26":[],"class_list":["post-30873","post","type-post","status-publish","format-standard","hentry","category-non-classifiee"],"acf":[],"yoast_head":"<!-- This site is optimized with the Yoast SEO plugin v27.4 - https:\/\/yoast.com\/product\/yoast-seo-wordpress\/ -->\n<title>Journ\u00e9e internationale de la femme rurale - African Institute for Development Policy - AFIDEP<\/title>\n<meta name=\"robots\" content=\"index, follow, max-snippet:-1, max-image-preview:large, max-video-preview:-1\" \/>\n<link rel=\"canonical\" href=\"https:\/\/afidep.org\/fr\/journee-internationale-de-la-femme-rurale\/\" \/>\n<meta property=\"og:locale\" content=\"fr_FR\" \/>\n<meta property=\"og:type\" content=\"article\" \/>\n<meta property=\"og:title\" content=\"Journ\u00e9e internationale de la femme rurale - African Institute for Development Policy - AFIDEP\" \/>\n<meta property=\"og:description\" content=\"Twitter Pour d\u00e9velopper les zones rurales, nous devons donner la priorit\u00e9 \u00e0 la sant\u00e9 des femmes rurales et de leur environnement. Il est choquant de constater que 30 % des femmes rurales accouchent sans la pr\u00e9sence d\u2019un agent de sant\u00e9 qualifi\u00e9, contre seulement 10 % des femmes urbaines. Selon @onufemmes, l&rsquo;acc\u00e8s aux informations sur la PF\/SR joue un r\u00f4le crucial dans la promotion de femmes et d&rsquo;enfants en bonne sant\u00e9, conduisant ainsi \u00e0 des communaut\u00e9s et des \u00e9conomies saines. Cette approche multiforme adopte une perspective \u00e0 360 degr\u00e9s, pla\u00e7ant les #FemmesRurales au premier plan.\" \/>\n<meta property=\"og:url\" content=\"https:\/\/afidep.org\/fr\/journee-internationale-de-la-femme-rurale\/\" \/>\n<meta property=\"og:site_name\" content=\"African Institute for Development Policy - AFIDEP\" \/>\n<meta property=\"article:published_time\" content=\"2023-10-15T07:30:00+00:00\" \/>\n<meta name=\"author\" content=\"Venancious Tuor\" \/>\n<meta name=\"twitter:card\" content=\"summary_large_image\" \/>\n<meta name=\"twitter:label1\" content=\"\u00c9crit par\" \/>\n\t<meta name=\"twitter:data1\" content=\"Venancious Tuor\" \/>\n\t<meta name=\"twitter:label2\" content=\"Dur\u00e9e de lecture estim\u00e9e\" \/>\n\t<meta name=\"twitter:data2\" content=\"1 minute\" \/>\n<script type=\"application\/ld+json\" class=\"yoast-schema-graph\">{\"@context\":\"https:\\\/\\\/schema.org\",\"@graph\":[{\"@type\":\"Article\",\"@id\":\"https:\\\/\\\/afidep.org\\\/fr\\\/journee-internationale-de-la-femme-rurale\\\/#article\",\"isPartOf\":{\"@id\":\"https:\\\/\\\/afidep.org\\\/fr\\\/journee-internationale-de-la-femme-rurale\\\/\"},\"author\":{\"name\":\"Venancious Tuor\",\"@id\":\"https:\\\/\\\/afidep.org\\\/fr\\\/#\\\/schema\\\/person\\\/322fdf42e023744430bbe44233ec1af1\"},\"headline\":\"Journ\u00e9e internationale de la femme rurale\",\"datePublished\":\"2023-10-15T07:30:00+00:00\",\"mainEntityOfPage\":{\"@id\":\"https:\\\/\\\/afidep.org\\\/fr\\\/journee-internationale-de-la-femme-rurale\\\/\"},\"wordCount\":102,\"articleSection\":[\"Non classifi\u00e9(e)\"],\"inLanguage\":\"fr-FR\"},{\"@type\":\"WebPage\",\"@id\":\"https:\\\/\\\/afidep.org\\\/fr\\\/journee-internationale-de-la-femme-rurale\\\/\",\"url\":\"https:\\\/\\\/afidep.org\\\/fr\\\/journee-internationale-de-la-femme-rurale\\\/\",\"name\":\"Journ\u00e9e internationale de la femme rurale - African Institute for Development Policy - AFIDEP\",\"isPartOf\":{\"@id\":\"https:\\\/\\\/afidep.org\\\/fr\\\/#website\"},\"datePublished\":\"2023-10-15T07:30:00+00:00\",\"author\":{\"@id\":\"https:\\\/\\\/afidep.org\\\/fr\\\/#\\\/schema\\\/person\\\/322fdf42e023744430bbe44233ec1af1\"},\"breadcrumb\":{\"@id\":\"https:\\\/\\\/afidep.org\\\/fr\\\/journee-internationale-de-la-femme-rurale\\\/#breadcrumb\"},\"inLanguage\":\"fr-FR\",\"potentialAction\":[{\"@type\":\"ReadAction\",\"target\":[\"https:\\\/\\\/afidep.org\\\/fr\\\/journee-internationale-de-la-femme-rurale\\\/\"]}]},{\"@type\":\"BreadcrumbList\",\"@id\":\"https:\\\/\\\/afidep.org\\\/fr\\\/journee-internationale-de-la-femme-rurale\\\/#breadcrumb\",\"itemListElement\":[{\"@type\":\"ListItem\",\"position\":1,\"name\":\"Home\",\"item\":\"https:\\\/\\\/afidep.org\\\/fr\\\/\"},{\"@type\":\"ListItem\",\"position\":2,\"name\":\"Journ\u00e9e internationale de la femme rurale\"}]},{\"@type\":\"WebSite\",\"@id\":\"https:\\\/\\\/afidep.org\\\/fr\\\/#website\",\"url\":\"https:\\\/\\\/afidep.org\\\/fr\\\/\",\"name\":\"African Institute for Development Policy - AFIDEP\",\"description\":\"Bridging Development Research, Policy &amp; Practice\",\"potentialAction\":[{\"@type\":\"SearchAction\",\"target\":{\"@type\":\"EntryPoint\",\"urlTemplate\":\"https:\\\/\\\/afidep.org\\\/fr\\\/?s={search_term_string}\"},\"query-input\":{\"@type\":\"PropertyValueSpecification\",\"valueRequired\":true,\"valueName\":\"search_term_string\"}}],\"inLanguage\":\"fr-FR\"},{\"@type\":\"Person\",\"@id\":\"https:\\\/\\\/afidep.org\\\/fr\\\/#\\\/schema\\\/person\\\/322fdf42e023744430bbe44233ec1af1\",\"name\":\"Venancious Tuor\",\"image\":{\"@type\":\"ImageObject\",\"inLanguage\":\"fr-FR\",\"@id\":\"https:\\\/\\\/secure.gravatar.com\\\/avatar\\\/9c297d61f7bc6c9f547c5b3f5a25a7d6265b9e809bb77143bdfdce479c0d5152?s=96&d=mm&r=g\",\"url\":\"https:\\\/\\\/secure.gravatar.com\\\/avatar\\\/9c297d61f7bc6c9f547c5b3f5a25a7d6265b9e809bb77143bdfdce479c0d5152?s=96&d=mm&r=g\",\"contentUrl\":\"https:\\\/\\\/secure.gravatar.com\\\/avatar\\\/9c297d61f7bc6c9f547c5b3f5a25a7d6265b9e809bb77143bdfdce479c0d5152?s=96&d=mm&r=g\",\"caption\":\"Venancious Tuor\"}}]}<\/script>\n<!-- \/ Yoast SEO plugin. -->","yoast_head_json":{"title":"Journ\u00e9e internationale de la femme rurale - African Institute for Development Policy - AFIDEP","robots":{"index":"index","follow":"follow","max-snippet":"max-snippet:-1","max-image-preview":"max-image-preview:large","max-video-preview":"max-video-preview:-1"},"canonical":"https:\/\/afidep.org\/fr\/journee-internationale-de-la-femme-rurale\/","og_locale":"fr_FR","og_type":"article","og_title":"Journ\u00e9e internationale de la femme rurale - African Institute for Development Policy - AFIDEP","og_description":"Twitter Pour d\u00e9velopper les zones rurales, nous devons donner la priorit\u00e9 \u00e0 la sant\u00e9 des femmes rurales et de leur environnement. Il est choquant de constater que 30 % des femmes rurales accouchent sans la pr\u00e9sence d\u2019un agent de sant\u00e9 qualifi\u00e9, contre seulement 10 % des femmes urbaines. Selon @onufemmes, l&rsquo;acc\u00e8s aux informations sur la PF\/SR joue un r\u00f4le crucial dans la promotion de femmes et d&rsquo;enfants en bonne sant\u00e9, conduisant ainsi \u00e0 des communaut\u00e9s et des \u00e9conomies saines. Cette approche multiforme adopte une perspective \u00e0 360 degr\u00e9s, pla\u00e7ant les #FemmesRurales au premier plan.","og_url":"https:\/\/afidep.org\/fr\/journee-internationale-de-la-femme-rurale\/","og_site_name":"African Institute for Development Policy - AFIDEP","article_published_time":"2023-10-15T07:30:00+00:00","author":"Venancious Tuor","twitter_card":"summary_large_image","twitter_misc":{"\u00c9crit par":"Venancious Tuor","Dur\u00e9e de lecture estim\u00e9e":"1 minute"},"schema":{"@context":"https:\/\/schema.org","@graph":[{"@type":"Article","@id":"https:\/\/afidep.org\/fr\/journee-internationale-de-la-femme-rurale\/#article","isPartOf":{"@id":"https:\/\/afidep.org\/fr\/journee-internationale-de-la-femme-rurale\/"},"author":{"name":"Venancious Tuor","@id":"https:\/\/afidep.org\/fr\/#\/schema\/person\/322fdf42e023744430bbe44233ec1af1"},"headline":"Journ\u00e9e internationale de la femme rurale","datePublished":"2023-10-15T07:30:00+00:00","mainEntityOfPage":{"@id":"https:\/\/afidep.org\/fr\/journee-internationale-de-la-femme-rurale\/"},"wordCount":102,"articleSection":["Non classifi\u00e9(e)"],"inLanguage":"fr-FR"},{"@type":"WebPage","@id":"https:\/\/afidep.org\/fr\/journee-internationale-de-la-femme-rurale\/","url":"https:\/\/afidep.org\/fr\/journee-internationale-de-la-femme-rurale\/","name":"Journ\u00e9e internationale de la femme rurale - African Institute for Development Policy - AFIDEP","isPartOf":{"@id":"https:\/\/afidep.org\/fr\/#website"},"datePublished":"2023-10-15T07:30:00+00:00","author":{"@id":"https:\/\/afidep.org\/fr\/#\/schema\/person\/322fdf42e023744430bbe44233ec1af1"},"breadcrumb":{"@id":"https:\/\/afidep.org\/fr\/journee-internationale-de-la-femme-rurale\/#breadcrumb"},"inLanguage":"fr-FR","potentialAction":[{"@type":"ReadAction","target":["https:\/\/afidep.org\/fr\/journee-internationale-de-la-femme-rurale\/"]}]},{"@type":"BreadcrumbList","@id":"https:\/\/afidep.org\/fr\/journee-internationale-de-la-femme-rurale\/#breadcrumb","itemListElement":[{"@type":"ListItem","position":1,"name":"Home","item":"https:\/\/afidep.org\/fr\/"},{"@type":"ListItem","position":2,"name":"Journ\u00e9e internationale de la femme rurale"}]},{"@type":"WebSite","@id":"https:\/\/afidep.org\/fr\/#website","url":"https:\/\/afidep.org\/fr\/","name":"African Institute for Development Policy - AFIDEP","description":"Bridging Development Research, Policy &amp; Practice","potentialAction":[{"@type":"SearchAction","target":{"@type":"EntryPoint","urlTemplate":"https:\/\/afidep.org\/fr\/?s={search_term_string}"},"query-input":{"@type":"PropertyValueSpecification","valueRequired":true,"valueName":"search_term_string"}}],"inLanguage":"fr-FR"},{"@type":"Person","@id":"https:\/\/afidep.org\/fr\/#\/schema\/person\/322fdf42e023744430bbe44233ec1af1","name":"Venancious Tuor","image":{"@type":"ImageObject","inLanguage":"fr-FR","@id":"https:\/\/secure.gravatar.com\/avatar\/9c297d61f7bc6c9f547c5b3f5a25a7d6265b9e809bb77143bdfdce479c0d5152?s=96&d=mm&r=g","url":"https:\/\/secure.gravatar.com\/avatar\/9c297d61f7bc6c9f547c5b3f5a25a7d6265b9e809bb77143bdfdce479c0d5152?s=96&d=mm&r=g","contentUrl":"https:\/\/secure.gravatar.com\/avatar\/9c297d61f7bc6c9f547c5b3f5a25a7d6265b9e809bb77143bdfdce479c0d5152?s=96&d=mm&r=g","caption":"Venancious Tuor"}}]}},"_links":{"self":[{"href":"https:\/\/afidep.org\/fr\/wp-json\/wp\/v2\/posts\/30873","targetHints":{"allow":["GET"]}}],"collection":[{"href":"https:\/\/afidep.org\/fr\/wp-json\/wp\/v2\/posts"}],"about":[{"href":"https:\/\/afidep.org\/fr\/wp-json\/wp\/v2\/types\/post"}],"author":[{"embeddable":true,"href":"https:\/\/afidep.org\/fr\/wp-json\/wp\/v2\/users\/20"}],"replies":[{"embeddable":true,"href":"https:\/\/afidep.org\/fr\/wp-json\/wp\/v2\/comments?post=30873"}],"version-history":[{"count":0,"href":"https:\/\/afidep.org\/fr\/wp-json\/wp\/v2\/posts\/30873\/revisions"}],"wp:attachment":[{"href":"https:\/\/afidep.org\/fr\/wp-json\/wp\/v2\/media?parent=30873"}],"wp:term":[{"taxonomy":"category","embeddable":true,"href":"https:\/\/afidep.org\/fr\/wp-json\/wp\/v2\/categories?post=30873"},{"taxonomy":"post_tag","embeddable":true,"href":"https:\/\/afidep.org\/fr\/wp-json\/wp\/v2\/tags?post=30873"},{"taxonomy":"programme","embeddable":true,"href":"https:\/\/afidep.org\/fr\/wp-json\/wp\/v2\/programme?post=30873"},{"taxonomy":"country","embeddable":true,"href":"https:\/\/afidep.org\/fr\/wp-json\/wp\/v2\/country?post=30873"},{"taxonomy":"cop26","embeddable":true,"href":"https:\/\/afidep.org\/fr\/wp-json\/wp\/v2\/cop26?post=30873"}],"curies":[{"name":"wp","href":"https:\/\/api.w.org\/{rel}","templated":true}]}}