{"id":32600,"date":"2024-05-24T18:45:04","date_gmt":"2024-05-24T15:45:04","guid":{"rendered":"https:\/\/afidep.org\/?p=32600"},"modified":"2024-05-25T01:14:20","modified_gmt":"2024-05-24T22:14:20","slug":"celebration-de-la-succession-du-professeur-nyovani-madise-a-la-presidence-de-lunion-pour-les-etudes-demographiques-africaines-uaps","status":"publish","type":"post","link":"https:\/\/afidep.org\/fr\/celebration-de-la-succession-du-professeur-nyovani-madise-a-la-presidence-de-lunion-pour-les-etudes-demographiques-africaines-uaps\/","title":{"rendered":"C\u00e9l\u00e9bration de la succession du professeur Nyovani Madise \u00e0 la pr\u00e9sidence de l&rsquo;Union pour les \u00e9tudes d\u00e9mographiques africaines (UAPS)"},"content":{"rendered":"<p>Nous sommes ravis d&rsquo;annoncer que notre estim\u00e9 coll\u00e8gue, le professeur Nyovani Madise, a \u00e9t\u00e9 nomm\u00e9 pr\u00e9sidente de l&rsquo;Union pour les \u00e9tudes sur la population africaine (UAPS). Cette occasion capitale a \u00e9t\u00e9 marqu\u00e9e lors de la 9\u00e8me Conf\u00e9rence africaine sur la population et nous adressons nos sinc\u00e8res f\u00e9licitations au professeur Madise pour cette prestigieuse reconnaissance.<\/p>\n<p>Le professeur Madise, Directrice des politiques de d\u00e9veloppement et Chef du bureau du Malawi de l&rsquo;Institut africain pour les politiques de d\u00e9veloppement (AFIDEP), a jou\u00e9 un r\u00f4le d\u00e9terminant dans l&rsquo;avancement de la prise de d\u00e9cision fond\u00e9e sur des donn\u00e9es probantes (EIDM) parmi les d\u00e9cideurs politiques et la communaut\u00e9 de recherche au sens large. Son d\u00e9vouement au leadership en recherche et au renforcement des capacit\u00e9s est essentiel pour acc\u00e9l\u00e9rer la r\u00e9alisation des objectifs de d\u00e9veloppement durable (ODD) \u00e0 travers l\u2019Afrique.<\/p>\n<p>Son portefeuille de recherche est vaste et percutant, ax\u00e9 sur la sant\u00e9 maternelle et infantile, la nutrition, la sant\u00e9 et les droits sexuels et reproductifs, la s\u00e9curit\u00e9 alimentaire et la dynamique des populations. Le professeur Madise a publi\u00e9 plus de 120 publications \u00e9valu\u00e9es par des pairs qui ont consid\u00e9rablement fait progresser notre compr\u00e9hension des relations entre la pauvret\u00e9 et la sant\u00e9.<\/p>\n<p>Avant son poste \u00e0 l&rsquo;AFIDEP, le professeur Madise a \u00e9t\u00e9 professeur de d\u00e9mographie et de statistiques sociales \u00e0 l&rsquo;Universit\u00e9 de Southampton, o\u00f9 elle a \u00e9galement occup\u00e9 plusieurs postes de direction, notamment celui de doyenne associ\u00e9e (recherche) et de directrice adjointe de l&rsquo;\u00c9cole des sciences sociales. Ses fonctions pr\u00e9c\u00e9dentes comprennent celle de chercheuse scientifique principale au Centre de recherche sur la population et la sant\u00e9 en Afrique au Kenya et de charg\u00e9e de cours en statistiques \u00e0 l&rsquo;Universit\u00e9 du Malawi.<\/p>\n<p>L\u2019expertise du professeur Madise s\u2019\u00e9tend au-del\u00e0 du monde universitaire. Elle fait partie de nombreux comit\u00e9s consultatifs scientifiques, notamment ceux du Minist\u00e8re britannique du D\u00e9veloppement international, du Minist\u00e8re britannique de la Sant\u00e9 et des Affaires sociales et du groupe consultatif strat\u00e9gique de l&rsquo;OMS sur l&rsquo;\u00e9radication du paludisme. Elle a \u00e9galement conseill\u00e9 de nombreux gouvernements, notamment ceux du Botswana, du Kenya, du Malawi, de Maurice, des Pays-Bas, de la Norv\u00e8ge, de la Su\u00e8de et du Royaume-Uni. Elle \u00e9tait membre du Groupe ind\u00e9pendant de scientifiques qui a r\u00e9dig\u00e9 le Rapport mondial sur le d\u00e9veloppement durable 2023 et a remport\u00e9 le prix Fayzah M. Al-Kharafi de l&rsquo;Acad\u00e9mie mondiale des sciences en 2023.<\/p>\n<p>\u00c0 l\u2019AFIDEP, nous avons \u00e9t\u00e9 t\u00e9moins du d\u00e9vouement, de l\u2019expertise et de la vision du professeur Madise. En tant que nouvelle pr\u00e9sidente de l&rsquo;UAPS, son leadership inspirera et orientera sans aucun doute l&rsquo;organisation vers de nouvelles \u00e9tapes. Sa pr\u00e9sence \u00e0 la t\u00eate favorisera la collaboration et stimulera des recherches percutantes qui r\u00e9pondent aux d\u00e9fis d\u00e9mographiques critiques de l\u2019Afrique.<\/p>\n<p>Nous sommes convaincus que sous la direction du professeur Madise, l\u2019UAPS continuera \u00e0 avancer et contribuera de mani\u00e8re significative au d\u00e9veloppement de politiques d\u00e9mographiques efficaces \u00e0 travers l\u2019Afrique. Son engagement en faveur du d\u00e9veloppement durable et de l\u2019autonomisation des communaut\u00e9s s\u2019aligne parfaitement avec la mission et les valeurs de l\u2019AFIDEP.<\/p>\n<p>F\u00e9licitations, Professeur Madise! Nous sommes fiers de vous compter parmi la famille AFIDEP et sommes impatients de constater l&rsquo;impact positif de votre leadership sur l&rsquo;UAPS et la communaut\u00e9 dans son ensemble.<\/p>\n<p>&nbsp;<\/p>\n<p><strong>Li\u00e9 \u00e0:<\/strong>\u00a0<a href=\"https:\/\/afidep.org\/fr\/programme\/egalite-des-sexes\/\">\u00c9galit\u00e9 et \u00e9quit\u00e9 entre les sexes, Mise \u00e0 jour institutionnelle, Dynamique des populations et dividende d\u00e9mographique, Environnement et changement climatique<\/a><\/p>\n<p>&nbsp;<\/p>\n<p>&nbsp;<\/p>\n","protected":false},"excerpt":{"rendered":"<p>Nous sommes ravis d&rsquo;annoncer que notre estim\u00e9 coll\u00e8gue, le professeur Nyovani Madise, a \u00e9t\u00e9 nomm\u00e9 pr\u00e9sidente de l&rsquo;Union pour les \u00e9tudes sur la population africaine (UAPS). Cette occasion capitale a \u00e9t\u00e9 marqu\u00e9e lors de la 9\u00e8me Conf\u00e9rence africaine sur la population et nous adressons nos sinc\u00e8res f\u00e9licitations au professeur Madise pour cette prestigieuse reconnaissance. Le professeur Madise, Directrice des politiques de d\u00e9veloppement et Chef du bureau du Malawi de l&rsquo;Institut africain pour les politiques de d\u00e9veloppement (AFIDEP), a jou\u00e9 un r\u00f4le d\u00e9terminant dans l&rsquo;avancement de la prise de d\u00e9cision fond\u00e9e sur des donn\u00e9es probantes (EIDM) parmi les d\u00e9cideurs politiques et [&hellip;]<\/p>\n","protected":false},"author":20,"featured_media":32593,"comment_status":"closed","ping_status":"open","sticky":false,"template":"","format":"standard","meta":{"_acf_changed":false,"give_campaign_id":0,"inline_featured_image":false,"footnotes":""},"categories":[2413],"tags":[],"programme":[3002,3018,3006,3015],"country":[3074],"cop26":[],"class_list":["post-32600","post","type-post","status-publish","format-standard","has-post-thumbnail","hentry","category-news-fr","programme-dynamique-des-populations-et-dividende-demographique","programme-egalite-des-sexes","programme-institutional-update-fr","programme-lenvironnement-et-le-changement-climatique","country-africa-fr"],"acf":[],"yoast_head":"<!-- This site is optimized with the Yoast SEO plugin v27.4 - https:\/\/yoast.com\/product\/yoast-seo-wordpress\/ -->\n<title>C\u00e9l\u00e9bration de la succession du professeur Nyovani Madise \u00e0 la pr\u00e9sidence de l&#039;Union pour les \u00e9tudes d\u00e9mographiques africaines (UAPS) - African Institute for Development Policy - AFIDEP<\/title>\n<meta name=\"robots\" content=\"index, follow, max-snippet:-1, max-image-preview:large, max-video-preview:-1\" \/>\n<link rel=\"canonical\" href=\"https:\/\/afidep.org\/fr\/celebration-de-la-succession-du-professeur-nyovani-madise-a-la-presidence-de-lunion-pour-les-etudes-demographiques-africaines-uaps\/\" \/>\n<meta property=\"og:locale\" content=\"fr_FR\" \/>\n<meta property=\"og:type\" content=\"article\" \/>\n<meta property=\"og:title\" content=\"C\u00e9l\u00e9bration de la succession du professeur Nyovani Madise \u00e0 la pr\u00e9sidence de l&#039;Union pour les \u00e9tudes d\u00e9mographiques africaines (UAPS) - African Institute for Development Policy - AFIDEP\" \/>\n<meta property=\"og:description\" content=\"Nous sommes ravis d&rsquo;annoncer que notre estim\u00e9 coll\u00e8gue, le professeur Nyovani Madise, a \u00e9t\u00e9 nomm\u00e9 pr\u00e9sidente de l&rsquo;Union pour les \u00e9tudes sur la population africaine (UAPS). Cette occasion capitale a \u00e9t\u00e9 marqu\u00e9e lors de la 9\u00e8me Conf\u00e9rence africaine sur la population et nous adressons nos sinc\u00e8res f\u00e9licitations au professeur Madise pour cette prestigieuse reconnaissance. Le professeur Madise, Directrice des politiques de d\u00e9veloppement et Chef du bureau du Malawi de l&rsquo;Institut africain pour les politiques de d\u00e9veloppement (AFIDEP), a jou\u00e9 un r\u00f4le d\u00e9terminant dans l&rsquo;avancement de la prise de d\u00e9cision fond\u00e9e sur des donn\u00e9es probantes (EIDM) parmi les d\u00e9cideurs politiques et [&hellip;]\" \/>\n<meta property=\"og:url\" content=\"https:\/\/afidep.org\/fr\/celebration-de-la-succession-du-professeur-nyovani-madise-a-la-presidence-de-lunion-pour-les-etudes-demographiques-africaines-uaps\/\" \/>\n<meta property=\"og:site_name\" content=\"African Institute for Development Policy - AFIDEP\" \/>\n<meta property=\"article:published_time\" content=\"2024-05-24T15:45:04+00:00\" \/>\n<meta property=\"article:modified_time\" content=\"2024-05-24T22:14:20+00:00\" \/>\n<meta property=\"og:image\" content=\"http:\/\/afidep.org\/wp-content\/uploads\/2024\/05\/profff-nyovani.png\" \/>\n\t<meta property=\"og:image:width\" content=\"1600\" \/>\n\t<meta property=\"og:image:height\" content=\"900\" \/>\n\t<meta property=\"og:image:type\" content=\"image\/png\" \/>\n<meta name=\"author\" content=\"Venancious Tuor\" \/>\n<meta name=\"twitter:card\" content=\"summary_large_image\" \/>\n<meta name=\"twitter:label1\" content=\"\u00c9crit par\" \/>\n\t<meta name=\"twitter:data1\" content=\"Venancious Tuor\" \/>\n\t<meta name=\"twitter:label2\" content=\"Dur\u00e9e de lecture estim\u00e9e\" \/>\n\t<meta name=\"twitter:data2\" content=\"3 minutes\" \/>\n<script type=\"application\/ld+json\" class=\"yoast-schema-graph\">{\"@context\":\"https:\\\/\\\/schema.org\",\"@graph\":[{\"@type\":\"Article\",\"@id\":\"https:\\\/\\\/afidep.org\\\/fr\\\/celebration-de-la-succession-du-professeur-nyovani-madise-a-la-presidence-de-lunion-pour-les-etudes-demographiques-africaines-uaps\\\/#article\",\"isPartOf\":{\"@id\":\"https:\\\/\\\/afidep.org\\\/fr\\\/celebration-de-la-succession-du-professeur-nyovani-madise-a-la-presidence-de-lunion-pour-les-etudes-demographiques-africaines-uaps\\\/\"},\"author\":{\"name\":\"Venancious Tuor\",\"@id\":\"https:\\\/\\\/afidep.org\\\/fr\\\/#\\\/schema\\\/person\\\/322fdf42e023744430bbe44233ec1af1\"},\"headline\":\"C\u00e9l\u00e9bration de la succession du professeur Nyovani Madise \u00e0 la pr\u00e9sidence de l&rsquo;Union pour les \u00e9tudes d\u00e9mographiques africaines (UAPS)\",\"datePublished\":\"2024-05-24T15:45:04+00:00\",\"dateModified\":\"2024-05-24T22:14:20+00:00\",\"mainEntityOfPage\":{\"@id\":\"https:\\\/\\\/afidep.org\\\/fr\\\/celebration-de-la-succession-du-professeur-nyovani-madise-a-la-presidence-de-lunion-pour-les-etudes-demographiques-africaines-uaps\\\/\"},\"wordCount\":622,\"image\":{\"@id\":\"https:\\\/\\\/afidep.org\\\/fr\\\/celebration-de-la-succession-du-professeur-nyovani-madise-a-la-presidence-de-lunion-pour-les-etudes-demographiques-africaines-uaps\\\/#primaryimage\"},\"thumbnailUrl\":\"https:\\\/\\\/afidep.org\\\/wp-content\\\/uploads\\\/2024\\\/05\\\/profff-nyovani.png\",\"articleSection\":[\"Actualit\u00e9s\"],\"inLanguage\":\"fr-FR\"},{\"@type\":\"WebPage\",\"@id\":\"https:\\\/\\\/afidep.org\\\/fr\\\/celebration-de-la-succession-du-professeur-nyovani-madise-a-la-presidence-de-lunion-pour-les-etudes-demographiques-africaines-uaps\\\/\",\"url\":\"https:\\\/\\\/afidep.org\\\/fr\\\/celebration-de-la-succession-du-professeur-nyovani-madise-a-la-presidence-de-lunion-pour-les-etudes-demographiques-africaines-uaps\\\/\",\"name\":\"C\u00e9l\u00e9bration de la succession du professeur Nyovani Madise \u00e0 la pr\u00e9sidence de l'Union pour les \u00e9tudes d\u00e9mographiques africaines (UAPS) - African Institute for Development Policy - AFIDEP\",\"isPartOf\":{\"@id\":\"https:\\\/\\\/afidep.org\\\/fr\\\/#website\"},\"primaryImageOfPage\":{\"@id\":\"https:\\\/\\\/afidep.org\\\/fr\\\/celebration-de-la-succession-du-professeur-nyovani-madise-a-la-presidence-de-lunion-pour-les-etudes-demographiques-africaines-uaps\\\/#primaryimage\"},\"image\":{\"@id\":\"https:\\\/\\\/afidep.org\\\/fr\\\/celebration-de-la-succession-du-professeur-nyovani-madise-a-la-presidence-de-lunion-pour-les-etudes-demographiques-africaines-uaps\\\/#primaryimage\"},\"thumbnailUrl\":\"https:\\\/\\\/afidep.org\\\/wp-content\\\/uploads\\\/2024\\\/05\\\/profff-nyovani.png\",\"datePublished\":\"2024-05-24T15:45:04+00:00\",\"dateModified\":\"2024-05-24T22:14:20+00:00\",\"author\":{\"@id\":\"https:\\\/\\\/afidep.org\\\/fr\\\/#\\\/schema\\\/person\\\/322fdf42e023744430bbe44233ec1af1\"},\"breadcrumb\":{\"@id\":\"https:\\\/\\\/afidep.org\\\/fr\\\/celebration-de-la-succession-du-professeur-nyovani-madise-a-la-presidence-de-lunion-pour-les-etudes-demographiques-africaines-uaps\\\/#breadcrumb\"},\"inLanguage\":\"fr-FR\",\"potentialAction\":[{\"@type\":\"ReadAction\",\"target\":[\"https:\\\/\\\/afidep.org\\\/fr\\\/celebration-de-la-succession-du-professeur-nyovani-madise-a-la-presidence-de-lunion-pour-les-etudes-demographiques-africaines-uaps\\\/\"]}]},{\"@type\":\"ImageObject\",\"inLanguage\":\"fr-FR\",\"@id\":\"https:\\\/\\\/afidep.org\\\/fr\\\/celebration-de-la-succession-du-professeur-nyovani-madise-a-la-presidence-de-lunion-pour-les-etudes-demographiques-africaines-uaps\\\/#primaryimage\",\"url\":\"https:\\\/\\\/afidep.org\\\/wp-content\\\/uploads\\\/2024\\\/05\\\/profff-nyovani.png\",\"contentUrl\":\"https:\\\/\\\/afidep.org\\\/wp-content\\\/uploads\\\/2024\\\/05\\\/profff-nyovani.png\",\"width\":1600,\"height\":900},{\"@type\":\"BreadcrumbList\",\"@id\":\"https:\\\/\\\/afidep.org\\\/fr\\\/celebration-de-la-succession-du-professeur-nyovani-madise-a-la-presidence-de-lunion-pour-les-etudes-demographiques-africaines-uaps\\\/#breadcrumb\",\"itemListElement\":[{\"@type\":\"ListItem\",\"position\":1,\"name\":\"Home\",\"item\":\"https:\\\/\\\/afidep.org\\\/fr\\\/\"},{\"@type\":\"ListItem\",\"position\":2,\"name\":\"C\u00e9l\u00e9bration de la succession du professeur Nyovani Madise \u00e0 la pr\u00e9sidence de l&#8217;Union pour les \u00e9tudes d\u00e9mographiques africaines (UAPS)\"}]},{\"@type\":\"WebSite\",\"@id\":\"https:\\\/\\\/afidep.org\\\/fr\\\/#website\",\"url\":\"https:\\\/\\\/afidep.org\\\/fr\\\/\",\"name\":\"African Institute for Development Policy - AFIDEP\",\"description\":\"Bridging Development Research, Policy &amp; Practice\",\"potentialAction\":[{\"@type\":\"SearchAction\",\"target\":{\"@type\":\"EntryPoint\",\"urlTemplate\":\"https:\\\/\\\/afidep.org\\\/fr\\\/?s={search_term_string}\"},\"query-input\":{\"@type\":\"PropertyValueSpecification\",\"valueRequired\":true,\"valueName\":\"search_term_string\"}}],\"inLanguage\":\"fr-FR\"},{\"@type\":\"Person\",\"@id\":\"https:\\\/\\\/afidep.org\\\/fr\\\/#\\\/schema\\\/person\\\/322fdf42e023744430bbe44233ec1af1\",\"name\":\"Venancious Tuor\",\"image\":{\"@type\":\"ImageObject\",\"inLanguage\":\"fr-FR\",\"@id\":\"https:\\\/\\\/secure.gravatar.com\\\/avatar\\\/9c297d61f7bc6c9f547c5b3f5a25a7d6265b9e809bb77143bdfdce479c0d5152?s=96&d=mm&r=g\",\"url\":\"https:\\\/\\\/secure.gravatar.com\\\/avatar\\\/9c297d61f7bc6c9f547c5b3f5a25a7d6265b9e809bb77143bdfdce479c0d5152?s=96&d=mm&r=g\",\"contentUrl\":\"https:\\\/\\\/secure.gravatar.com\\\/avatar\\\/9c297d61f7bc6c9f547c5b3f5a25a7d6265b9e809bb77143bdfdce479c0d5152?s=96&d=mm&r=g\",\"caption\":\"Venancious Tuor\"}}]}<\/script>\n<!-- \/ Yoast SEO plugin. -->","yoast_head_json":{"title":"C\u00e9l\u00e9bration de la succession du professeur Nyovani Madise \u00e0 la pr\u00e9sidence de l'Union pour les \u00e9tudes d\u00e9mographiques africaines (UAPS) - African Institute for Development Policy - AFIDEP","robots":{"index":"index","follow":"follow","max-snippet":"max-snippet:-1","max-image-preview":"max-image-preview:large","max-video-preview":"max-video-preview:-1"},"canonical":"https:\/\/afidep.org\/fr\/celebration-de-la-succession-du-professeur-nyovani-madise-a-la-presidence-de-lunion-pour-les-etudes-demographiques-africaines-uaps\/","og_locale":"fr_FR","og_type":"article","og_title":"C\u00e9l\u00e9bration de la succession du professeur Nyovani Madise \u00e0 la pr\u00e9sidence de l'Union pour les \u00e9tudes d\u00e9mographiques africaines (UAPS) - African Institute for Development Policy - AFIDEP","og_description":"Nous sommes ravis d&rsquo;annoncer que notre estim\u00e9 coll\u00e8gue, le professeur Nyovani Madise, a \u00e9t\u00e9 nomm\u00e9 pr\u00e9sidente de l&rsquo;Union pour les \u00e9tudes sur la population africaine (UAPS). Cette occasion capitale a \u00e9t\u00e9 marqu\u00e9e lors de la 9\u00e8me Conf\u00e9rence africaine sur la population et nous adressons nos sinc\u00e8res f\u00e9licitations au professeur Madise pour cette prestigieuse reconnaissance. Le professeur Madise, Directrice des politiques de d\u00e9veloppement et Chef du bureau du Malawi de l&rsquo;Institut africain pour les politiques de d\u00e9veloppement (AFIDEP), a jou\u00e9 un r\u00f4le d\u00e9terminant dans l&rsquo;avancement de la prise de d\u00e9cision fond\u00e9e sur des donn\u00e9es probantes (EIDM) parmi les d\u00e9cideurs politiques et [&hellip;]","og_url":"https:\/\/afidep.org\/fr\/celebration-de-la-succession-du-professeur-nyovani-madise-a-la-presidence-de-lunion-pour-les-etudes-demographiques-africaines-uaps\/","og_site_name":"African Institute for Development Policy - AFIDEP","article_published_time":"2024-05-24T15:45:04+00:00","article_modified_time":"2024-05-24T22:14:20+00:00","og_image":[{"width":1600,"height":900,"url":"http:\/\/afidep.org\/wp-content\/uploads\/2024\/05\/profff-nyovani.png","type":"image\/png"}],"author":"Venancious Tuor","twitter_card":"summary_large_image","twitter_misc":{"\u00c9crit par":"Venancious Tuor","Dur\u00e9e de lecture estim\u00e9e":"3 minutes"},"schema":{"@context":"https:\/\/schema.org","@graph":[{"@type":"Article","@id":"https:\/\/afidep.org\/fr\/celebration-de-la-succession-du-professeur-nyovani-madise-a-la-presidence-de-lunion-pour-les-etudes-demographiques-africaines-uaps\/#article","isPartOf":{"@id":"https:\/\/afidep.org\/fr\/celebration-de-la-succession-du-professeur-nyovani-madise-a-la-presidence-de-lunion-pour-les-etudes-demographiques-africaines-uaps\/"},"author":{"name":"Venancious Tuor","@id":"https:\/\/afidep.org\/fr\/#\/schema\/person\/322fdf42e023744430bbe44233ec1af1"},"headline":"C\u00e9l\u00e9bration de la succession du professeur Nyovani Madise \u00e0 la pr\u00e9sidence de l&rsquo;Union pour les \u00e9tudes d\u00e9mographiques africaines (UAPS)","datePublished":"2024-05-24T15:45:04+00:00","dateModified":"2024-05-24T22:14:20+00:00","mainEntityOfPage":{"@id":"https:\/\/afidep.org\/fr\/celebration-de-la-succession-du-professeur-nyovani-madise-a-la-presidence-de-lunion-pour-les-etudes-demographiques-africaines-uaps\/"},"wordCount":622,"image":{"@id":"https:\/\/afidep.org\/fr\/celebration-de-la-succession-du-professeur-nyovani-madise-a-la-presidence-de-lunion-pour-les-etudes-demographiques-africaines-uaps\/#primaryimage"},"thumbnailUrl":"https:\/\/afidep.org\/wp-content\/uploads\/2024\/05\/profff-nyovani.png","articleSection":["Actualit\u00e9s"],"inLanguage":"fr-FR"},{"@type":"WebPage","@id":"https:\/\/afidep.org\/fr\/celebration-de-la-succession-du-professeur-nyovani-madise-a-la-presidence-de-lunion-pour-les-etudes-demographiques-africaines-uaps\/","url":"https:\/\/afidep.org\/fr\/celebration-de-la-succession-du-professeur-nyovani-madise-a-la-presidence-de-lunion-pour-les-etudes-demographiques-africaines-uaps\/","name":"C\u00e9l\u00e9bration de la succession du professeur Nyovani Madise \u00e0 la pr\u00e9sidence de l'Union pour les \u00e9tudes d\u00e9mographiques africaines (UAPS) - African Institute for Development Policy - AFIDEP","isPartOf":{"@id":"https:\/\/afidep.org\/fr\/#website"},"primaryImageOfPage":{"@id":"https:\/\/afidep.org\/fr\/celebration-de-la-succession-du-professeur-nyovani-madise-a-la-presidence-de-lunion-pour-les-etudes-demographiques-africaines-uaps\/#primaryimage"},"image":{"@id":"https:\/\/afidep.org\/fr\/celebration-de-la-succession-du-professeur-nyovani-madise-a-la-presidence-de-lunion-pour-les-etudes-demographiques-africaines-uaps\/#primaryimage"},"thumbnailUrl":"https:\/\/afidep.org\/wp-content\/uploads\/2024\/05\/profff-nyovani.png","datePublished":"2024-05-24T15:45:04+00:00","dateModified":"2024-05-24T22:14:20+00:00","author":{"@id":"https:\/\/afidep.org\/fr\/#\/schema\/person\/322fdf42e023744430bbe44233ec1af1"},"breadcrumb":{"@id":"https:\/\/afidep.org\/fr\/celebration-de-la-succession-du-professeur-nyovani-madise-a-la-presidence-de-lunion-pour-les-etudes-demographiques-africaines-uaps\/#breadcrumb"},"inLanguage":"fr-FR","potentialAction":[{"@type":"ReadAction","target":["https:\/\/afidep.org\/fr\/celebration-de-la-succession-du-professeur-nyovani-madise-a-la-presidence-de-lunion-pour-les-etudes-demographiques-africaines-uaps\/"]}]},{"@type":"ImageObject","inLanguage":"fr-FR","@id":"https:\/\/afidep.org\/fr\/celebration-de-la-succession-du-professeur-nyovani-madise-a-la-presidence-de-lunion-pour-les-etudes-demographiques-africaines-uaps\/#primaryimage","url":"https:\/\/afidep.org\/wp-content\/uploads\/2024\/05\/profff-nyovani.png","contentUrl":"https:\/\/afidep.org\/wp-content\/uploads\/2024\/05\/profff-nyovani.png","width":1600,"height":900},{"@type":"BreadcrumbList","@id":"https:\/\/afidep.org\/fr\/celebration-de-la-succession-du-professeur-nyovani-madise-a-la-presidence-de-lunion-pour-les-etudes-demographiques-africaines-uaps\/#breadcrumb","itemListElement":[{"@type":"ListItem","position":1,"name":"Home","item":"https:\/\/afidep.org\/fr\/"},{"@type":"ListItem","position":2,"name":"C\u00e9l\u00e9bration de la succession du professeur Nyovani Madise \u00e0 la pr\u00e9sidence de l&#8217;Union pour les \u00e9tudes d\u00e9mographiques africaines (UAPS)"}]},{"@type":"WebSite","@id":"https:\/\/afidep.org\/fr\/#website","url":"https:\/\/afidep.org\/fr\/","name":"African Institute for Development Policy - AFIDEP","description":"Bridging Development Research, Policy &amp; Practice","potentialAction":[{"@type":"SearchAction","target":{"@type":"EntryPoint","urlTemplate":"https:\/\/afidep.org\/fr\/?s={search_term_string}"},"query-input":{"@type":"PropertyValueSpecification","valueRequired":true,"valueName":"search_term_string"}}],"inLanguage":"fr-FR"},{"@type":"Person","@id":"https:\/\/afidep.org\/fr\/#\/schema\/person\/322fdf42e023744430bbe44233ec1af1","name":"Venancious Tuor","image":{"@type":"ImageObject","inLanguage":"fr-FR","@id":"https:\/\/secure.gravatar.com\/avatar\/9c297d61f7bc6c9f547c5b3f5a25a7d6265b9e809bb77143bdfdce479c0d5152?s=96&d=mm&r=g","url":"https:\/\/secure.gravatar.com\/avatar\/9c297d61f7bc6c9f547c5b3f5a25a7d6265b9e809bb77143bdfdce479c0d5152?s=96&d=mm&r=g","contentUrl":"https:\/\/secure.gravatar.com\/avatar\/9c297d61f7bc6c9f547c5b3f5a25a7d6265b9e809bb77143bdfdce479c0d5152?s=96&d=mm&r=g","caption":"Venancious Tuor"}}]}},"_links":{"self":[{"href":"https:\/\/afidep.org\/fr\/wp-json\/wp\/v2\/posts\/32600","targetHints":{"allow":["GET"]}}],"collection":[{"href":"https:\/\/afidep.org\/fr\/wp-json\/wp\/v2\/posts"}],"about":[{"href":"https:\/\/afidep.org\/fr\/wp-json\/wp\/v2\/types\/post"}],"author":[{"embeddable":true,"href":"https:\/\/afidep.org\/fr\/wp-json\/wp\/v2\/users\/20"}],"replies":[{"embeddable":true,"href":"https:\/\/afidep.org\/fr\/wp-json\/wp\/v2\/comments?post=32600"}],"version-history":[{"count":2,"href":"https:\/\/afidep.org\/fr\/wp-json\/wp\/v2\/posts\/32600\/revisions"}],"predecessor-version":[{"id":32602,"href":"https:\/\/afidep.org\/fr\/wp-json\/wp\/v2\/posts\/32600\/revisions\/32602"}],"wp:featuredmedia":[{"embeddable":true,"href":"https:\/\/afidep.org\/fr\/wp-json\/wp\/v2\/media\/32593"}],"wp:attachment":[{"href":"https:\/\/afidep.org\/fr\/wp-json\/wp\/v2\/media?parent=32600"}],"wp:term":[{"taxonomy":"category","embeddable":true,"href":"https:\/\/afidep.org\/fr\/wp-json\/wp\/v2\/categories?post=32600"},{"taxonomy":"post_tag","embeddable":true,"href":"https:\/\/afidep.org\/fr\/wp-json\/wp\/v2\/tags?post=32600"},{"taxonomy":"programme","embeddable":true,"href":"https:\/\/afidep.org\/fr\/wp-json\/wp\/v2\/programme?post=32600"},{"taxonomy":"country","embeddable":true,"href":"https:\/\/afidep.org\/fr\/wp-json\/wp\/v2\/country?post=32600"},{"taxonomy":"cop26","embeddable":true,"href":"https:\/\/afidep.org\/fr\/wp-json\/wp\/v2\/cop26?post=32600"}],"curies":[{"name":"wp","href":"https:\/\/api.w.org\/{rel}","templated":true}]}}